{"id":17484,"date":"2023-10-27T12:26:00","date_gmt":"2023-10-27T12:26:00","guid":{"rendered":"https:\/\/fundacionincipe.com\/?p=17484"},"modified":"2025-02-21T11:50:16","modified_gmt":"2025-02-21T11:50:16","slug":"el-drama-israelo-palestino","status":"publish","type":"post","link":"https:\/\/fundacionincipe.com\/index.php\/2023\/10\/27\/el-drama-israelo-palestino\/","title":{"rendered":"El drama israelo-palestino"},"content":{"rendered":"\n<p>Jorge Dezcallar comenz\u00f3 su intervenci\u00f3n analizando el <strong>contexto del ataque<\/strong> <strong>perpetrado por Ham\u00e1s<\/strong> el d\u00eda 7 de octubre e intentando dirimir cu\u00e1l ha sido el fallo en la defensa israelita. Afirma que ha habido varios <strong>fallos de inteligencia<\/strong> <strong>graves<\/strong>, y que es pr\u00e1cticamente imposible que la preparaci\u00f3n exhaustiva que se ha tenido que llevar a cabo por parte de Ham\u00e1s para realizar el ataque haya pasado desapercibida por los servicios de inteligencia israel\u00edes. Asegura que habr\u00e1 una <strong>investigaci\u00f3n<\/strong> y que <strong>deber\u00e1n tomarse responsabilidades<\/strong> por esta serie de fallos, y sobre todo por el <strong>exceso de confianza<\/strong> que han mostrado los servicios de inteligencia.<\/p>\n\n\n\n<p>Destaca que la sociedad israel\u00ed una <strong>sociedad polarizada<\/strong>, con un primer ministro acusado de corrupci\u00f3n y un ej\u00e9rcito m\u00e1s ocupado en defender a los colonos en Cisjordania que en prestar atenci\u00f3n al peligro proveniente de Gaza. Con respecto al <strong>origen del problema<\/strong>, Dezcallar destaca que el <strong>apoyo incondicional por parte de Estados Unidos,<\/strong> con el que Israel siempre ha contado, le ha permitido hacer caso omiso de las <strong>resoluciones de Naciones Unidas<\/strong>. Adem\u00e1s, atribuye el estallido de violencia que ha ocurrido a que los palestinos sent\u00edan que se estaba olvidando su causa. Por lo tanto, enumera <strong>cuatro objetivos<\/strong> por los que Ham\u00e1s podr\u00eda haber llevado a cabo su ataque: intentar que el mundo <strong>no se olvide del problema palestino<\/strong>, asumir el <strong>liderazgo palestino<\/strong>, <strong>impedir el acercamiento entre Israel y Arabia Saud\u00ed<\/strong>, y conseguir <strong>liberar presos<\/strong> de las c\u00e1rceles israel\u00edes a cambio de rehenes.<\/p>\n\n\n\n<p>La reacci\u00f3n de Israel ha sido unirse y declarar la guerra para acabar con Ham\u00e1s y <strong>recuperar la confianza de la poblaci\u00f3n<\/strong>. Dezcallar tiene claro que esta guerra la va a ganar Israel, debido a las enormes diferencias de fuerza, pero que va a resultar en un desastre humanitario. Con respecto a la <strong>reacci\u00f3n internacional<\/strong>, destaca que para <strong>Rusia<\/strong> esta situaci\u00f3n muestra el <strong>fracaso de la pol\u00edtica americana en Oriente Medio<\/strong>, y <strong>China,<\/strong> por su parte, considera que la respuesta de Israel desborda la autodefensa y que es un <strong>castigo colectivo inaceptable<\/strong>. Para el <strong>sur global<\/strong> esto muestra la <strong>hipocres\u00eda de Occidente<\/strong>, que condena la invasi\u00f3n rusa de Ucrania, pero no los a\u00f1os de ocupaci\u00f3n israelita en Palestina.<\/p>\n\n\n\n<p>Dezcallar destaca cuatro <strong>peligros<\/strong> a corto plazo a ra\u00edz de esta situaci\u00f3n: <strong>confundir a los palestinos con Ham\u00e1s<\/strong>, el riesgo de <strong>terrorismo<\/strong> que puede llegar a Europa, el <strong>desastre humanitario <\/strong>que esta situaci\u00f3n va a acarrear, y la <strong>extensi\u00f3n del conflicto<\/strong>. Al mismo tiempo, se\u00f1ala cuatro situaciones que en su opini\u00f3n desencadenar\u00e1 este conflicto: <strong>Ham\u00e1s no seguir\u00e1 gobernando<\/strong> en Gaza, ser\u00e1 <strong>dif\u00edcil que Netanyahu pueda sobrevivir<\/strong> pol\u00edticamente a lo que est\u00e1 ocurriendo, esta situaci\u00f3n <strong>perjudicar\u00e1 a Ucrania<\/strong>, y finalmente, la reacci\u00f3n de Israel <strong>favorecer\u00e1 a Ham\u00e1s,<\/strong> ayud\u00e1ndole a tener m\u00e1s apoyo por parte de la poblaci\u00f3n palestina.<\/p>\n\n\n\n<p>Por \u00faltimo, Dezcallar enumera <strong>tres grandes problemas de futuro, a corto, medio y largo plazo<\/strong>. En primer lugar, destaca que es imperativo hacer <strong>pausas humanitarias<\/strong> y solventar el problema de los <strong>rehenes<\/strong>. En segundo lugar, subraya que nos encontramos ante una operaci\u00f3n militar que va a ser muy dif\u00edcil y que Israel va a tener que llevar a cabo evitando al mismo tiempo un <strong>desastre humanitario<\/strong>, que ese desastre humanitario afecte a su <strong>reputaci\u00f3n internacional<\/strong>, y que lo que pase llame la atenci\u00f3n del mundo y conduzca a la <strong>extensi\u00f3n del conflicto<\/strong>. Finalmente, a largo plazo, Dezcallar recuerda que Israel deber\u00e1 enfrentarse al enorme problema de qu\u00e9 hacer con <strong>Gaza<\/strong>, donde hay <strong>dos millones de habitantes<\/strong> que no tienen a d\u00f3nde ir.<\/p>\n\n\n\n<p>En el \u00faltimo bloque de la sesi\u00f3n tuvo lugar un debate, en el que los participantes formularon algunas preguntas sobre temas como la <strong>soluci\u00f3n de dos estados<\/strong> y su escollo geogr\u00e1fico, y la posibilidad de una <strong>confederaci\u00f3n<\/strong>. Se discuti\u00f3 tambi\u00e9n acerca de la <strong>estrategia israel\u00ed<\/strong> y sobre la posible <strong>reacci\u00f3n de Ir\u00e1n<\/strong>. Adem\u00e1s, se habl\u00f3 sobre la <strong>vigencia del derecho internacional humanitario<\/strong> y el doble rasero que se puede estar ejerciendo desde Occidente. Y finalmente, se debati\u00f3 sobre la incidencia que va a producir esta situaci\u00f3n en el desarrollo de la <strong>Guerra de Ucrania<\/strong>, y sobre las diferentes opciones de <strong>mediaci\u00f3n internacional <\/strong>para acabar con este conflicto entre Israel y Ham\u00e1s.<\/p>\n","protected":false},"excerpt":{"rendered":"<p>Jorge Dezcallar comenz\u00f3 su intervenci\u00f3n analizando el contexto del ataque perpetrado por Ham\u00e1s el d\u00eda 7 de octubre e intentando dirimir cu\u00e1l ha sido el fallo en la defensa israelita. [&hellip;]<\/p>\n","protected":false},"author":3,"featured_media":17485,"comment_status":"open","ping_status":"closed","sticky":false,"template":"","format":"standard","meta":{"_acf_changed":false,"footnotes":""},"categories":[8],"tags":[],"class_list":["post-17484","post","type-post","status-publish","format-standard","has-post-thumbnail","hentry","category-conferencias-y-seminarios"],"acf":[],"_links":{"self":[{"href":"https:\/\/fundacionincipe.com\/index.php\/wp-json\/wp\/v2\/posts\/17484","targetHints":{"allow":["GET"]}}],"collection":[{"href":"https:\/\/fundacionincipe.com\/index.php\/wp-json\/wp\/v2\/posts"}],"about":[{"href":"https:\/\/fundacionincipe.com\/index.php\/wp-json\/wp\/v2\/types\/post"}],"author":[{"embeddable":true,"href":"https:\/\/fundacionincipe.com\/index.php\/wp-json\/wp\/v2\/users\/3"}],"replies":[{"embeddable":true,"href":"https:\/\/fundacionincipe.com\/index.php\/wp-json\/wp\/v2\/comments?post=17484"}],"version-history":[{"count":2,"href":"https:\/\/fundacionincipe.com\/index.php\/wp-json\/wp\/v2\/posts\/17484\/revisions"}],"predecessor-version":[{"id":20500,"href":"https:\/\/fundacionincipe.com\/index.php\/wp-json\/wp\/v2\/posts\/17484\/revisions\/20500"}],"wp:featuredmedia":[{"embeddable":true,"href":"https:\/\/fundacionincipe.com\/index.php\/wp-json\/wp\/v2\/media\/17485"}],"wp:attachment":[{"href":"https:\/\/fundacionincipe.com\/index.php\/wp-json\/wp\/v2\/media?parent=17484"}],"wp:term":[{"taxonomy":"category","embeddable":true,"href":"https:\/\/fundacionincipe.com\/index.php\/wp-json\/wp\/v2\/categories?post=17484"},{"taxonomy":"post_tag","embeddable":true,"href":"https:\/\/fundacionincipe.com\/index.php\/wp-json\/wp\/v2\/tags?post=17484"}],"curies":[{"name":"wp","href":"https:\/\/api.w.org\/{rel}","templated":true}]}}