{"id":17469,"date":"2024-01-18T12:00:00","date_gmt":"2024-01-18T12:00:00","guid":{"rendered":"https:\/\/fundacionincipe.com\/?p=17469"},"modified":"2024-10-10T12:02:02","modified_gmt":"2024-10-10T12:02:02","slug":"el-futuro-de-la-union-europea-reforma-y-ampliacion","status":"publish","type":"post","link":"https:\/\/fundacionincipe.com\/index.php\/2024\/01\/18\/el-futuro-de-la-union-europea-reforma-y-ampliacion\/","title":{"rendered":"El futuro de la Uni\u00f3n Europea: reforma y ampliaci\u00f3n"},"content":{"rendered":"\n<p>Javier Elorza comenz\u00f3 su intervenci\u00f3n situando el <strong>Brexit<\/strong> como el inicio de la situaci\u00f3n que est\u00e1 viviendo la Uni\u00f3n Europea en estos momentos. Como consecuencia, se plante\u00f3 una <strong>situaci\u00f3n existencial<\/strong> en Bruselas, que se materializ\u00f3 meses despu\u00e9s en la publicaci\u00f3n del <strong><em>Libro blanco sobre el futuro de Europa<\/em><\/strong> presentado por la Comisi\u00f3n Europea en 2017, en el que se estudiaban las diferentes opciones para el <strong>desarrollo de la Uni\u00f3n<\/strong>.<\/p>\n\n\n\n<p>M\u00e1s adelante, en 2022, m\u00e1s de la mitad de los Estados miembros <strong>rechaz\u00f3<\/strong> la posibilidad de <strong>revisar los tratados<\/strong>; y, en septiembre de 2023, <strong>Francia y Alemania publicaron un documento con dos ideas centrales<\/strong>: la <strong>necesidad de la ampliaci\u00f3n<\/strong> de la Uni\u00f3n por razones geoestrat\u00e9gicas, y la propuesta de realizar <strong>reformas financieras e institucionales previas<\/strong>, algo que, seg\u00fan Elorza, no cree que vaya a contar con el apoyo de los dem\u00e1s Estados miembros.<\/p>\n\n\n\n<p>Elorza contin\u00faa destacando que <strong>una ampliaci\u00f3n requiere financiaci\u00f3n<\/strong>, ya que, como dictan los <strong><em>criterios de Copenhague<\/em><\/strong>, o criterios de adhesi\u00f3n, la Uni\u00f3n Europea tiene que tener capacidad de absorci\u00f3n, que implica un <strong>aumento del gasto<\/strong>, y que pasar\u00eda de 446 a 512 millones.<\/p>\n\n\n\n<p>En ampliaciones anteriores, explica Elorza, el <strong>Consejo Europeo<\/strong> ha acordado siempre los <strong>medios <\/strong>para poder llevar a cabo su financiaci\u00f3n, y, considera, deber\u00eda hacerse lo mismo en esta ocasi\u00f3n, <strong>evaluando los costes<\/strong> en funci\u00f3n de los acuerdos de integraci\u00f3n y de los periodos transitorios que se pacten, y, una vez calculado el coste, este deber\u00eda repartirse de manera <strong>justa y equitativa<\/strong>.<\/p>\n\n\n\n<p>Elorza destaca que el <strong>comienzo de las negociaciones<\/strong> para la adhesi\u00f3n de <strong>Ucrania<\/strong>, <strong>Moldavia<\/strong> y <strong>Bosnia-Herzegovina<\/strong>, ocurri\u00f3 durante la <strong>Presidencia espa\u00f1ola del Consejo de la Uni\u00f3n Europea. <\/strong>Negociaciones que previsiblemente se alargar\u00e1n durante un largo periodo de tiempo, ya que por el momento <strong>ninguno de los candidatos cumple con los requisitos<\/strong> necesarios para su <strong>adhesi\u00f3n<\/strong>. Por su parte, finaliza Elorza, la <strong>Presidencia belga del Consejo de la Uni\u00f3n Europea<\/strong> tiene como mandato el reto de elaborar una lista de las posibles <strong>reformas internas<\/strong> y analizar las pol\u00edticas actuales de cara a la <strong>ampliaci\u00f3n<\/strong>, en una situaci\u00f3n en la que es dif\u00edcil que reciba el <strong>apoyo<\/strong> de todos los <strong>Estados miembros<\/strong>.<\/p>\n\n\n\n<p>En el \u00faltimo bloque de la sesi\u00f3n tuvo lugar un debate, en el que los participantes formularon algunas preguntas sobre temas como la valoraci\u00f3n de el paso de <strong>Espa\u00f1a<\/strong> por la <strong>Presidencia <\/strong>rotatoria<strong> del Consejo de la Uni\u00f3n Europea<\/strong>, con sus luces y sombras, y sobre la posibilidad de hacer frente a los pa\u00edses que no respeten el <em><strong>Rule of Law<\/strong> <\/em>dentro del seno de la Uni\u00f3n. Se discuti\u00f3 tambi\u00e9n acerca de la posibilidad de Espa\u00f1a de acceder a los <strong>fondos de cohesi\u00f3n<\/strong>, sobre la <strong>pol\u00edtica europea de reindustrializaci\u00f3n<\/strong> en sectores estrat\u00e9gicos, y sobre las <strong>ambiciones<\/strong> de Bruselas con respecto al <strong>Green Deal<\/strong>.<\/p>\n\n\n\n<p>Adem\u00e1s, se habl\u00f3 sobre la posici\u00f3n de la <strong>opini\u00f3n p\u00fablica<\/strong> de los diferentes pa\u00edses europeos en relaci\u00f3n a la <strong>adhesi\u00f3n<\/strong> de <strong>Ucrania<\/strong> y <strong>Turqu\u00eda<\/strong>, sobre los <strong>efectos<\/strong> que ha tenido el <strong>Brexit<\/strong> en la Uni\u00f3n, y sobre la viabilidad de la creaci\u00f3n de un <strong>ej\u00e9rcito europeo<\/strong>. Y, finalmente, se debati\u00f3 sobre el reto de adoptar una <strong>pol\u00edtica migratoria eficaz<\/strong> a nivel europeo.<\/p>\n\n\n\n<p>Elena Ferro<\/p>\n","protected":false},"excerpt":{"rendered":"<p>Javier Elorza comenz\u00f3 su intervenci\u00f3n situando el Brexit como el inicio de la situaci\u00f3n que est\u00e1 viviendo la Uni\u00f3n Europea en estos momentos. Como consecuencia, se plante\u00f3 una situaci\u00f3n existencial [&hellip;]<\/p>\n","protected":false},"author":3,"featured_media":17468,"comment_status":"open","ping_status":"closed","sticky":false,"template":"","format":"standard","meta":{"_acf_changed":false,"footnotes":""},"categories":[8],"tags":[],"class_list":["post-17469","post","type-post","status-publish","format-standard","has-post-thumbnail","hentry","category-conferencias-y-seminarios"],"acf":[],"_links":{"self":[{"href":"https:\/\/fundacionincipe.com\/index.php\/wp-json\/wp\/v2\/posts\/17469","targetHints":{"allow":["GET"]}}],"collection":[{"href":"https:\/\/fundacionincipe.com\/index.php\/wp-json\/wp\/v2\/posts"}],"about":[{"href":"https:\/\/fundacionincipe.com\/index.php\/wp-json\/wp\/v2\/types\/post"}],"author":[{"embeddable":true,"href":"https:\/\/fundacionincipe.com\/index.php\/wp-json\/wp\/v2\/users\/3"}],"replies":[{"embeddable":true,"href":"https:\/\/fundacionincipe.com\/index.php\/wp-json\/wp\/v2\/comments?post=17469"}],"version-history":[{"count":1,"href":"https:\/\/fundacionincipe.com\/index.php\/wp-json\/wp\/v2\/posts\/17469\/revisions"}],"predecessor-version":[{"id":17470,"href":"https:\/\/fundacionincipe.com\/index.php\/wp-json\/wp\/v2\/posts\/17469\/revisions\/17470"}],"wp:featuredmedia":[{"embeddable":true,"href":"https:\/\/fundacionincipe.com\/index.php\/wp-json\/wp\/v2\/media\/17468"}],"wp:attachment":[{"href":"https:\/\/fundacionincipe.com\/index.php\/wp-json\/wp\/v2\/media?parent=17469"}],"wp:term":[{"taxonomy":"category","embeddable":true,"href":"https:\/\/fundacionincipe.com\/index.php\/wp-json\/wp\/v2\/categories?post=17469"},{"taxonomy":"post_tag","embeddable":true,"href":"https:\/\/fundacionincipe.com\/index.php\/wp-json\/wp\/v2\/tags?post=17469"}],"curies":[{"name":"wp","href":"https:\/\/api.w.org\/{rel}","templated":true}]}}