{"id":17459,"date":"2024-02-22T11:46:00","date_gmt":"2024-02-22T11:46:00","guid":{"rendered":"https:\/\/fundacionincipe.com\/?p=17459"},"modified":"2024-10-10T11:50:58","modified_gmt":"2024-10-10T11:50:58","slug":"el-papel-de-los-huties-en-el-conflicto-en-el-mar-rojo","status":"publish","type":"post","link":"https:\/\/fundacionincipe.com\/index.php\/2024\/02\/22\/el-papel-de-los-huties-en-el-conflicto-en-el-mar-rojo\/","title":{"rendered":"El papel de los hut\u00edes en el conflicto en el Mar Rojo"},"content":{"rendered":"\n<p>Carlos Echeverr\u00eda comenz\u00f3 su intervenci\u00f3n haciendo hincapi\u00e9 en la <strong>naturaleza abierta y<\/strong> <strong>din\u00e1mica<\/strong> del <strong>conflicto<\/strong> yemen\u00ed; y <strong>contextualiz\u00f3<\/strong> el conflicto, que se remonta a una d\u00e9cada atr\u00e1s, subrayando el papel crucial de los <strong>hut\u00edes<\/strong>, grupo fundamental en el escenario de <strong>guerra civil<\/strong>. Describe a los hut\u00edes, tambi\u00e9n conocidos como <em>Ansar Al\u00e1<\/em>, como un <strong>movimiento<\/strong> <strong>fundado por Badreddin al-Houthi<\/strong>, que se identifica con la <strong>rama zaid\u00ed del<\/strong> <strong>chiismo<\/strong>, y que act\u00faa como un <strong>proxy<\/strong> <strong>de<\/strong> la <strong>Rep\u00fablica Isl\u00e1mica de<\/strong> <strong>Ir\u00e1n<\/strong> <strong>en la regi\u00f3n<\/strong>.<\/p>\n\n\n\n<p>Echeverr\u00eda detalla c\u00f3mo el conflicto ha generado <strong>consecuencias<\/strong> <strong>desestabilizadoras<\/strong> tanto a <strong>nivel<\/strong> <strong>interno<\/strong> como <strong>regional<\/strong>, exacerbando las <strong>tensiones<\/strong> <strong>intercomunitarias<\/strong> y afectando a la <strong>seguridad<\/strong> en <strong>Yemen<\/strong> y en pa\u00edses vecinos como <strong>Arabia<\/strong> <strong>Saudita<\/strong> y los <strong>Emiratos<\/strong> <strong>\u00c1rabes<\/strong> <strong>Unidos<\/strong>.<\/p>\n\n\n\n<p>Adem\u00e1s, examina el <strong>papel<\/strong> de otros <strong>actores<\/strong> <strong>regionales<\/strong> e <strong>internacionales<\/strong>, como <strong>Hezbol\u00e1<\/strong>, <strong>Ham\u00e1s<\/strong> y las <strong>Fuerzas<\/strong> <strong>de<\/strong> <strong>Movilizaci\u00f3n<\/strong> <strong>Popular<\/strong> <strong>iraqu\u00edes<\/strong>, en el escenario yemen\u00ed. Destaca el <strong>empoderamiento<\/strong> <strong>militar<\/strong> y pol\u00edtico de los hut\u00edes y su <strong>conexi\u00f3n<\/strong> con <strong>Ir\u00e1n<\/strong>, evidenciada por el sofisticado <strong>arsenal<\/strong> <strong>de<\/strong> <strong>armas<\/strong> que han adquirido, incluyendo drones y misiles bal\u00edsticos.<\/p>\n\n\n\n<p>Echeverr\u00eda proporciona un an\u00e1lisis detallado de los <strong>ataques<\/strong> perpetrados por los <strong>hut\u00edes<\/strong> contra objetivos en <strong>Arabia<\/strong> <strong>Saudita<\/strong>, los <strong>Emiratos<\/strong> <strong>\u00c1rabes<\/strong> <strong>Unidos<\/strong> e <strong>Israel<\/strong>, y c\u00f3mo estos incidentes han contribuido a la <strong>escalada<\/strong> de <strong>tensiones<\/strong> en la regi\u00f3n. Asimismo, discute el <strong>impacto<\/strong> e<strong>con\u00f3mico y psicol\u00f3gico de estos ataques<\/strong>, as\u00ed como las <strong>respuestas<\/strong> <strong>militares<\/strong> <strong>y<\/strong> <strong>diplom\u00e1ticas<\/strong> de los pa\u00edses afectados. Echeverr\u00eda tambi\u00e9n explora los <strong>esfuerzos<\/strong> <strong>internacionales<\/strong> para abordar la crisis yemen\u00ed, incluidas las <strong>negociaciones<\/strong> <strong>de<\/strong> <strong>paz<\/strong> y los intentos de <strong>mediaci\u00f3n<\/strong> entre las partes en conflicto. Sin embargo, subraya que <strong>el conflicto persiste<\/strong> y contin\u00faa representando una <strong>amenaza<\/strong> significativa para la <strong>estabilidad<\/strong> <strong>regional<\/strong> <strong>y<\/strong> <strong>global<\/strong>.<\/p>\n\n\n\n<p>Al final de la sesi\u00f3n tuvo lugar un debate, en el que los participantes formularon algunas preguntas sobre temas como la <strong>categorizaci\u00f3n<\/strong> de los <strong>hut\u00edes<\/strong>; el <strong>contexto<\/strong> de la <strong>guerra civil<\/strong> en <strong>Yemen<\/strong>; as\u00ed como la posibilidad de la <strong>independencia<\/strong> de <strong>Yemen del Sur<\/strong>. Se discuti\u00f3 tambi\u00e9n acerca de las misiones llevadas a cabo en el Mar Rojo para tratar de <strong>garantizar<\/strong> la <strong>navegaci\u00f3n segura<\/strong>; sobre la retroalimentaci\u00f3n entre el conflicto en el Mar Rojo y la <strong>Guerra en Sud\u00e1n<\/strong>; y sobre la posibilidad del <strong>aumento <\/strong>de las <strong>tensiones <\/strong>entre <strong>Etiop\u00eda y Somalia<\/strong>. Adem\u00e1s, se habl\u00f3 sobre las <strong>implicaciones<\/strong> de <strong>Ir\u00e1n<\/strong>, sobre el <strong>papel<\/strong> de los <strong>Estados \u00c1rabes<\/strong>, y, finalmente, sobre la <strong>posici\u00f3n espa\u00f1ola<\/strong> en el conflicto.<\/p>\n\n\n\n<p>Elena Ferro<\/p>\n\n\n\n<h6 class=\"wp-block-heading\"><\/h6>\n","protected":false},"excerpt":{"rendered":"<p>Carlos Echeverr\u00eda comenz\u00f3 su intervenci\u00f3n haciendo hincapi\u00e9 en la naturaleza abierta y din\u00e1mica del conflicto yemen\u00ed; y contextualiz\u00f3 el conflicto, que se remonta a una d\u00e9cada atr\u00e1s, subrayando el papel [&hellip;]<\/p>\n","protected":false},"author":3,"featured_media":17458,"comment_status":"open","ping_status":"closed","sticky":false,"template":"","format":"standard","meta":{"_acf_changed":false,"footnotes":""},"categories":[8],"tags":[],"class_list":["post-17459","post","type-post","status-publish","format-standard","has-post-thumbnail","hentry","category-conferencias-y-seminarios"],"acf":[],"_links":{"self":[{"href":"https:\/\/fundacionincipe.com\/index.php\/wp-json\/wp\/v2\/posts\/17459","targetHints":{"allow":["GET"]}}],"collection":[{"href":"https:\/\/fundacionincipe.com\/index.php\/wp-json\/wp\/v2\/posts"}],"about":[{"href":"https:\/\/fundacionincipe.com\/index.php\/wp-json\/wp\/v2\/types\/post"}],"author":[{"embeddable":true,"href":"https:\/\/fundacionincipe.com\/index.php\/wp-json\/wp\/v2\/users\/3"}],"replies":[{"embeddable":true,"href":"https:\/\/fundacionincipe.com\/index.php\/wp-json\/wp\/v2\/comments?post=17459"}],"version-history":[{"count":2,"href":"https:\/\/fundacionincipe.com\/index.php\/wp-json\/wp\/v2\/posts\/17459\/revisions"}],"predecessor-version":[{"id":17462,"href":"https:\/\/fundacionincipe.com\/index.php\/wp-json\/wp\/v2\/posts\/17459\/revisions\/17462"}],"wp:featuredmedia":[{"embeddable":true,"href":"https:\/\/fundacionincipe.com\/index.php\/wp-json\/wp\/v2\/media\/17458"}],"wp:attachment":[{"href":"https:\/\/fundacionincipe.com\/index.php\/wp-json\/wp\/v2\/media?parent=17459"}],"wp:term":[{"taxonomy":"category","embeddable":true,"href":"https:\/\/fundacionincipe.com\/index.php\/wp-json\/wp\/v2\/categories?post=17459"},{"taxonomy":"post_tag","embeddable":true,"href":"https:\/\/fundacionincipe.com\/index.php\/wp-json\/wp\/v2\/tags?post=17459"}],"curies":[{"name":"wp","href":"https:\/\/api.w.org\/{rel}","templated":true}]}}