{"id":17454,"date":"2024-03-06T11:42:00","date_gmt":"2024-03-06T11:42:00","guid":{"rendered":"https:\/\/fundacionincipe.com\/?p=17454"},"modified":"2025-03-31T08:33:23","modified_gmt":"2025-03-31T08:33:23","slug":"el-conflicto-palestinoisraeli-muerte-de-los-acuerdos-de-oslo","status":"publish","type":"post","link":"https:\/\/fundacionincipe.com\/index.php\/2024\/03\/06\/el-conflicto-palestinoisraeli-muerte-de-los-acuerdos-de-oslo\/","title":{"rendered":"El conflicto palestino-israel\u00ed: \u00bfmuerte de los Acuerdos de Oslo?"},"content":{"rendered":"\n<p>\u00d3scar Mijallo inici\u00f3 su intervenci\u00f3n explicando la raz\u00f3n por la cual la sesi\u00f3n de hoy hab\u00eda sido titulado como \u201cconflicto palestino-israel\u00ed\u201d y no \u201cconflicto \u00e1rabe-israel\u00ed\u201d, a pesar de la importancia que posee la religi\u00f3n en la cuesti\u00f3n. No obstante, el ponente afirma la necesidad de <strong>destacar la vertiente nacional del conflicto<\/strong>, dado que Ham\u00e1s,, en su carta fundacional ,hablan de s\u00ed mismos como \u201c\u00e1rabes palestinos\u201d. Una vez Mijallo hizo hincapi\u00e9 en este detalle, procedi\u00f3 a explicar los diferentes elementos de relevancia en el actual conflicto de Gaza, comenzando por los <strong><em>Acuerdos de Oslo<\/em><\/strong>. Sin dar muchas especificaciones sobre las caracter\u00edsticas de dichos Acuerdos, Mijallo los menciona para demostrar su ineficacia. Destaca lo obvio, siendo que t<strong>odav\u00eda no existe un estado palestino<\/strong>, prop\u00f3sito que parece estar cada vez m\u00e1s alejado.<\/p>\n\n\n\n<p>Asimismo, el ponente destaca los motivos por los que el gobierno israel\u00ed est\u00e1 operando de determinada manera, as\u00ed como las posibles consecuencias que acarrear\u00e1 el conflicto a nivel interno. En esta l\u00ednea, menciona la mentalidad punitiva de la sociedad israel\u00ed, dando por hehco que el Gobierno de Netanyahu no quedar\u00e1 impune como consecuencia del conflicto. Se habla tambi\u00e9n de una <strong>notoria p\u00e9rdida de apoyo por parte de los actores internacionales y pa\u00edses<\/strong> que apoyaban anteriormente a Israel. La destrucci\u00f3n de hospitales en Gaza, as\u00ed como otras acciones de la misma \u00edndole, parecen ser el detonante. No obstante, Mijallo explica c\u00f3mo el conflicto est\u00e1 afectando a otros estados, mencionando en particular a pa\u00edses musulmanes y c\u00f3mo estos se han visto obligados a actuar.<\/p>\n\n\n\n<p>Por otro lado, Mijallo menciona los problemas a los que Ham\u00e1s se est\u00e1 enfrentando, haciendo especial \u00e9nfasis en el aspecto geogr\u00e1fico, dado que la franja de Gaza se encuentra encerrada; no solo por Israel, sino por Egipto tambi\u00e9n.<\/p>\n\n\n\n<p>Al final de la sesi\u00f3n tuvo lugar un debate, en el que los participantes formularon algunas preguntas relacionadas con la posici\u00f3n de Estados Unidos y la hipot\u00e9tica deriva de su pol\u00edtica exterior consecuencia de las elecciones presidenciales de noviembre de 2024. Asimismo, tambi\u00e9n se respondieron cuestiones relacionadas con la gobernanza regional y las relaciones de Israel con otros pa\u00edses \u00e1rabes, as\u00ed como tambi\u00e9n la silenciosa posici\u00f3n de la Uni\u00f3n Europea ante las agresiones sucedidas en Gaza.<\/p>\n\n\n\n<h6 class=\"wp-block-heading\">Mar\u00eda Archilla<\/h6>\n","protected":false},"excerpt":{"rendered":"<p>\u00d3scar Mijallo inici\u00f3 su intervenci\u00f3n explicando la raz\u00f3n por la cual la sesi\u00f3n de hoy hab\u00eda sido titulado como \u201cconflicto palestino-israel\u00ed\u201d y no \u201cconflicto \u00e1rabe-israel\u00ed\u201d, a pesar de la importancia [&hellip;]<\/p>\n","protected":false},"author":3,"featured_media":17453,"comment_status":"open","ping_status":"closed","sticky":false,"template":"","format":"standard","meta":{"_acf_changed":false,"footnotes":""},"categories":[8],"tags":[],"class_list":["post-17454","post","type-post","status-publish","format-standard","has-post-thumbnail","hentry","category-conferencias-y-seminarios"],"acf":[],"_links":{"self":[{"href":"https:\/\/fundacionincipe.com\/index.php\/wp-json\/wp\/v2\/posts\/17454","targetHints":{"allow":["GET"]}}],"collection":[{"href":"https:\/\/fundacionincipe.com\/index.php\/wp-json\/wp\/v2\/posts"}],"about":[{"href":"https:\/\/fundacionincipe.com\/index.php\/wp-json\/wp\/v2\/types\/post"}],"author":[{"embeddable":true,"href":"https:\/\/fundacionincipe.com\/index.php\/wp-json\/wp\/v2\/users\/3"}],"replies":[{"embeddable":true,"href":"https:\/\/fundacionincipe.com\/index.php\/wp-json\/wp\/v2\/comments?post=17454"}],"version-history":[{"count":2,"href":"https:\/\/fundacionincipe.com\/index.php\/wp-json\/wp\/v2\/posts\/17454\/revisions"}],"predecessor-version":[{"id":22374,"href":"https:\/\/fundacionincipe.com\/index.php\/wp-json\/wp\/v2\/posts\/17454\/revisions\/22374"}],"wp:featuredmedia":[{"embeddable":true,"href":"https:\/\/fundacionincipe.com\/index.php\/wp-json\/wp\/v2\/media\/17453"}],"wp:attachment":[{"href":"https:\/\/fundacionincipe.com\/index.php\/wp-json\/wp\/v2\/media?parent=17454"}],"wp:term":[{"taxonomy":"category","embeddable":true,"href":"https:\/\/fundacionincipe.com\/index.php\/wp-json\/wp\/v2\/categories?post=17454"},{"taxonomy":"post_tag","embeddable":true,"href":"https:\/\/fundacionincipe.com\/index.php\/wp-json\/wp\/v2\/tags?post=17454"}],"curies":[{"name":"wp","href":"https:\/\/api.w.org\/{rel}","templated":true}]}}