{"id":17445,"date":"2024-05-24T10:57:00","date_gmt":"2024-05-24T10:57:00","guid":{"rendered":"https:\/\/fundacionincipe.com\/?p=17445"},"modified":"2024-10-10T11:44:33","modified_gmt":"2024-10-10T11:44:33","slug":"perspectivas-de-la-ue-en-la-antesala-de-las-elecciones-al-parlamento-europeo","status":"publish","type":"post","link":"https:\/\/fundacionincipe.com\/index.php\/2024\/05\/24\/perspectivas-de-la-ue-en-la-antesala-de-las-elecciones-al-parlamento-europeo\/","title":{"rendered":"Perspectivas de la UE en la antesala de las elecciones al Parlamento Europeo"},"content":{"rendered":"\n<p>Daniel Calleja comenz\u00f3 su intervenci\u00f3n destacando el aniversario del nacimiento del servicio jur\u00eddico de la Comisi\u00f3n Europea, as\u00ed como las funciones que ha desempe\u00f1ado y contin\u00faa desempe\u00f1ando. Se\u00f1al\u00f3 tambi\u00e9n la importancia de recordar el origen de la Uni\u00f3n Europea para poder responder a la gran pregunta sobre el camino que tomar\u00e1 tras las elecciones del pr\u00f3ximo 3 de junio de 2024. En los \u00faltimos tres a\u00f1os, la UE se ha enfrentado a amenazas como la pandemia de COVID-19, que desencaden\u00f3 una crisis econ\u00f3mica significativa, y la invasi\u00f3n de Ucrania por parte de Rusia, que provoc\u00f3 el desplazamiento de seis millones de ucranianos, generando un movimiento migratorio sin precedentes.<\/p>\n\n\n\n<p>\u00abLa Uni\u00f3n Europea ha salido reforzada de estas crisis\u00bb, afirm\u00f3 Daniel Calleja. Por primera vez desde su nacimiento, la UE ha creado una uni\u00f3n de la salud, en la que se desplegaron, financiaron e investigaron iniciativas, incluyendo la producci\u00f3n de vacunas dentro de un marco europeo, asegurando as\u00ed la igualdad de derechos para todos los ciudadanos, tanto de la Uni\u00f3n Europea como de terceros pa\u00edses. En el \u00e1mbito de la salud, Daniel Calleja destac\u00f3 el <strong>importante papel desempe\u00f1ado en la creaci\u00f3n del certificado COVID digital<\/strong>, adoptado por 78 pa\u00edses y que hoy es una referencia para la Organizaci\u00f3n Mundial de la Salud.<\/p>\n\n\n\n<p>Europa se enfrenta a un reto existencial: la energ\u00eda proced\u00eda de Rusia, abaratando costes; la defensa la garantizaba Estados Unidos, y la producci\u00f3n ven\u00eda de China. Esta reflexi\u00f3n lleva a Daniel Calleja a preguntarse: <strong>\u00ab\u00bfEs nuestro modelo viable o se necesita un cambio y avanzar?\u00bb<\/strong> Este desaf\u00edo podr\u00eda llevar a Europa a entrar en la fase de la <em>Europa Geopol\u00edtica<\/em>, defendiendo los valores de la democracia, el multilateralismo, la pol\u00edtica exterior y de seguridad com\u00fan, y, sobre todo, la seguridad de la Uni\u00f3n. Si estamos dispuestos a entrar en esa fase, considerar\u00edamos seriamente la ampliaci\u00f3n de la Uni\u00f3n Europea.<\/p>\n\n\n\n<p>Con la renovaci\u00f3n de las instituciones europeas, estamos en un momento de transici\u00f3n. \u00abEn Europa, esta transici\u00f3n es larga\u00bb, afirm\u00f3 Daniel Calleja, debido a los tr\u00e1mites y votos internos necesarios, que finalizar\u00e1n el pr\u00f3ximo 1 de noviembre. Durante este periodo, Europa se enfrenta a desaf\u00edos como la guerra en Ucrania y las elecciones en Estados Unidos.<\/p>\n\n\n\n<p>Daniel Calleja cerr\u00f3 su intervenci\u00f3n con una reflexi\u00f3n en la que recalc\u00f3 la importancia de fortalecer el proyecto europeo en todos los \u00e1mbitos y avanzar hacia una Europa Geopol\u00edtica, sin olvidar la cooperaci\u00f3n, la competencia que estimula y la solidaridad que nos une. Estas son las tres claves que han construido la Europa que conocemos actualmente. La Europa que se avecina ser\u00e1 cada vez m\u00e1s compleja y exigir\u00e1 soluciones reales a los problemas que puedan surgir. Tras la intervenci\u00f3n de Daniel Calleja, se abri\u00f3 un debate en el que los participantes plantearon preguntas sobre la integraci\u00f3n europea, el euroescepticismo, los \u00e9xitos de la Uni\u00f3n Europea, la Convenci\u00f3n Europea, la pol\u00edtica sanitaria de la UE, la transici\u00f3n ecol\u00f3gica y los pa\u00edses candidatos a formar parte de la Uni\u00f3n Europea.<\/p>\n\n\n\n<p>Palmira Reboto<\/p>\n","protected":false},"excerpt":{"rendered":"<p>Daniel Calleja comenz\u00f3 su intervenci\u00f3n destacando el aniversario del nacimiento del servicio jur\u00eddico de la Comisi\u00f3n Europea, as\u00ed como las funciones que ha desempe\u00f1ado y contin\u00faa desempe\u00f1ando. Se\u00f1al\u00f3 tambi\u00e9n la [&hellip;]<\/p>\n","protected":false},"author":3,"featured_media":17444,"comment_status":"open","ping_status":"closed","sticky":false,"template":"","format":"standard","meta":{"_acf_changed":false,"footnotes":""},"categories":[8],"tags":[],"class_list":["post-17445","post","type-post","status-publish","format-standard","has-post-thumbnail","hentry","category-conferencias-y-seminarios"],"acf":[],"_links":{"self":[{"href":"https:\/\/fundacionincipe.com\/index.php\/wp-json\/wp\/v2\/posts\/17445","targetHints":{"allow":["GET"]}}],"collection":[{"href":"https:\/\/fundacionincipe.com\/index.php\/wp-json\/wp\/v2\/posts"}],"about":[{"href":"https:\/\/fundacionincipe.com\/index.php\/wp-json\/wp\/v2\/types\/post"}],"author":[{"embeddable":true,"href":"https:\/\/fundacionincipe.com\/index.php\/wp-json\/wp\/v2\/users\/3"}],"replies":[{"embeddable":true,"href":"https:\/\/fundacionincipe.com\/index.php\/wp-json\/wp\/v2\/comments?post=17445"}],"version-history":[{"count":2,"href":"https:\/\/fundacionincipe.com\/index.php\/wp-json\/wp\/v2\/posts\/17445\/revisions"}],"predecessor-version":[{"id":17456,"href":"https:\/\/fundacionincipe.com\/index.php\/wp-json\/wp\/v2\/posts\/17445\/revisions\/17456"}],"wp:featuredmedia":[{"embeddable":true,"href":"https:\/\/fundacionincipe.com\/index.php\/wp-json\/wp\/v2\/media\/17444"}],"wp:attachment":[{"href":"https:\/\/fundacionincipe.com\/index.php\/wp-json\/wp\/v2\/media?parent=17445"}],"wp:term":[{"taxonomy":"category","embeddable":true,"href":"https:\/\/fundacionincipe.com\/index.php\/wp-json\/wp\/v2\/categories?post=17445"},{"taxonomy":"post_tag","embeddable":true,"href":"https:\/\/fundacionincipe.com\/index.php\/wp-json\/wp\/v2\/tags?post=17445"}],"curies":[{"name":"wp","href":"https:\/\/api.w.org\/{rel}","templated":true}]}}