{"id":17439,"date":"2024-05-29T10:49:00","date_gmt":"2024-05-29T10:49:00","guid":{"rendered":"https:\/\/fundacionincipe.com\/?p=17439"},"modified":"2024-10-10T11:45:27","modified_gmt":"2024-10-10T11:45:27","slug":"strength-in-unity-20th-anniversary-of-natos-enlargement-to-central-and-eastern-europe","status":"publish","type":"post","link":"https:\/\/fundacionincipe.com\/index.php\/2024\/05\/29\/strength-in-unity-20th-anniversary-of-natos-enlargement-to-central-and-eastern-europe\/","title":{"rendered":"Strength in Unity: 20th Anniversary of NATO\u00b4s Enlargement to Central and Eastern Europe"},"content":{"rendered":"\n<p>En esta conferencia tuvimos la oportunidad de organizar dos mesas redondas. La primera, titulada <strong><em>NATO\u2019s Profile on its 75th Anniversary: Current Challenges and Perspectives<\/em><\/strong>, estuvo moderada por <strong>Vicente Garrido<\/strong>, director general de INCIPE. En ella participaron <strong>Alberto Ucelay<\/strong>, director general de Pol\u00edtica Exterior y de Seguridad del Ministerio de Asuntos Exteriores, Uni\u00f3n Europea y Cooperaci\u00f3n; <strong>Gergana Karadjova<\/strong>, directora general de Asuntos Pol\u00edticos del Ministerio de Asuntos Exteriores de la Rep\u00fablica de Bulgaria; <strong>Norbert Brada<\/strong>, director del departamento de Pol\u00edtica de Seguridad del Ministerio de Asuntos Exteriores y Europeos de Eslovaquia; y<strong> Margus Kolga<\/strong>, director general del departamento de Planificaci\u00f3n de Pol\u00edticas del Ministerio de Asuntos Exteriores de la Rep\u00fablica de Estonia.<\/p>\n\n\n\n<p>La segunda mesa redonda, titulada <strong><em>The Alliance\u2019s Security Environment: Global and Regional Perspectives on Conflicts and Partnerships<\/em><\/strong>, estuvo moderada por <strong>Felipe Sahag\u00fan<\/strong>, periodista y profesor de Relaciones Internacionales. En ella participaron <strong>Rita Kazragien\u00e9<\/strong>, embajadora y enviada especial para el Indo-Pac\u00edfico en el Ministerio de Asuntos Exteriores de Lituania;<strong> J\u0101nis Zlamets<\/strong>, director general de Pol\u00edtica de Seguridad y Organizaciones Internacionales del Ministerio de Asuntos Exteriores de la Rep\u00fablica de Letonia; <strong>Alice Sabau-Georgescu<\/strong>, subdirectora de Pol\u00edticas de Seguridad del Ministerio de Asuntos Exteriores de Ruman\u00eda; y <strong>Andrej Slapnica<\/strong>r, embajador y jefe del departamento de Pol\u00edtica de Seguridad del Ministerio de Asuntos Exteriores y Europeos de Eslovenia.<\/p>\n\n\n\n<p><strong>Ricardo D\u00edez-Hochleitner, secretario general de INCIPE,<\/strong> comenz\u00f3 su intervenci\u00f3n destacando la evoluci\u00f3n que ha experimentado la OTAN desde su creaci\u00f3n, afirmando que hoy en d\u00eda es m\u00e1s grande, m\u00e1s fuerte y est\u00e1 m\u00e1s unida que nunca. Hizo hincapi\u00e9 en las d\u00e9cadas de paz que esta alianza ha garantizado, siendo la primera l\u00ednea de lucha contra el terrorismo desde 2001, adem\u00e1s de reforzar la defensa colectiva. La OTAN juega un papel muy importante en la defensa de la paz, la estabilidad y la prosperidad en tiempos de guerras, amenazas crecientes y nuevos riesgos, se\u00f1al\u00f3 el secretario general de INCIPE. Hoy en d\u00eda, est\u00e1n emergiendo nuevas amenazas relacionadas con el terrorismo en cualquiera de sus formas, lo que genera la necesidad de crear nuevas estrategias para garantizar la defensa colectiva proporcionada por la OTAN, basada en un enfoque de 360 grados y una serie de mandatos importantes.<\/p>\n\n\n\n<p>Por su parte, el<strong> DIGENPOL,<\/strong> <strong>TG Fernando L\u00f3pez del Pozo,<\/strong> afirm\u00f3 que para comprender la OTAN tal y como la conocemos, es imperativo entender la ampliaci\u00f3n hacia Europa del Este que comenz\u00f3 hace 25 a\u00f1os, se\u00f1alando que Espa\u00f1a juega un papel clave en este proceso. Adem\u00e1s, destac\u00f3 la seguridad que ha ofrecido y sigue ofreciendo la OTAN, siendo esta cre\u00edble y confiable.<\/p>\n\n\n\n<p><\/p>\n\n\n\n<h4 class=\"wp-block-heading\"><em><strong><mark style=\"background-color:rgba(0, 0, 0, 0)\" class=\"has-inline-color has-luminous-vivid-orange-color\">NATO\u2019s Profile on its 75th Anniversary: Current Challenges and Perspectives<\/mark><\/strong><\/em><\/h4>\n\n\n\n<p>Durante la primera mesa redonda, titulada <em><strong>NATO\u2019S Profile on its 75th Anniversary: Current Challenges and Perspectives<\/strong><\/em>, el <strong>director general de Pol\u00edtica Exterior y de Seguridad del Ministerio de Asuntos Exteriores, Uni\u00f3n Europea y Cooperaci\u00f3n, Alberto Ucelay<\/strong>, inici\u00f3 su intervenci\u00f3n celebrando la adhesi\u00f3n de Finlandia y Suecia a la OTAN y destacando el rechazo hacia las provocaciones rusas en las fronteras de la Uni\u00f3n Europea, se\u00f1alando que esto representa un intento de desestabilizar nuestra regi\u00f3n. Alberto Ucelay se\u00f1al\u00f3 que el futuro de la OTAN va a ser moldeado por la agresi\u00f3n de Rusia a Ucrania. Por otra parte, destac\u00f3 la firma de un importante memorando sobre cooperaci\u00f3n en el que participaron el presidente de Ucrania, Volod\u00edmir Zelenski, y el presidente de Espa\u00f1a, Pedro S\u00e1nchez, el pasado 27 de mayo de 2024. En \u00e9l se abordan temas de seguridad que incluyen, entre otros aspectos, <strong>un compromiso de apoyo militar, el env\u00edo de equipo militar, y apoyo pol\u00edtico, diplom\u00e1tico, econ\u00f3mico y humanitario<\/strong>, recalcando as\u00ed que el apoyo de Espa\u00f1a es constante e inquebrantable. Adem\u00e1s, mencion\u00f3 la cumbre en Washington que se celebrar\u00e1 el pr\u00f3ximo julio en un momento crucial para el conflicto de Ucrania, afirmando que es de vital importancia demostrar la unidad de la OTAN.<\/p>\n\n\n\n<p>Finalmente, Ucelay destac\u00f3 que la OTAN debe prestar atenci\u00f3n a lo que sucede en la zona del Sahel y el Mediterr\u00e1neo debido a la inestabilidad que sufre esta regi\u00f3n, principalmente por los v\u00ednculos con Rusia, entre otros factores. A modo de conclusi\u00f3n, Alberto Ucelay afirm\u00f3 que la Cumbre de Washington supone una oportunidad para reforzar la unidad y la solidaridad de la OTAN con el fin de afrontar los desaf\u00edos globales.<\/p>\n\n\n\n<p>En su intervenci\u00f3n, <strong>Gergana Karadjova, directora general de Asuntos Pol\u00edticos del Ministerio de Asuntos Exteriores de la Rep\u00fablica de Bulgaria,<\/strong> recalc\u00f3 la importancia de celebrar no solo el 20 aniversario de la OTAN, sino tambi\u00e9n la adhesi\u00f3n de Bulgaria a la Alianza tras la transformaci\u00f3n despu\u00e9s de la Guerra Fr\u00eda. Adem\u00e1s, se\u00f1al\u00f3 que la OTAN deber\u00eda permanecer abierta a acoger a nuevos miembros, haciendo hincapi\u00e9 en la reciente adhesi\u00f3n de Finlandia y Suecia, demostrando as\u00ed su fuerza. Por otro lado, Karadjova dej\u00f3 claro que <strong>la prioridad de Bulgaria como miembro de la OTAN reside en la seguridad del Mar Negro<\/strong>, ya que, seg\u00fan menciona, ninguna otra regi\u00f3n ha sido tan afectada por la agresi\u00f3n de Rusia a Ucrania, generando consecuencias multidimensionales debido a que el Mar Negro representa para Rusia una autopercepci\u00f3n de su gran poder. Asimismo, declar\u00f3 que las pol\u00edticas rusas est\u00e1n orientadas a crear y manipular las debilidades que ya existen en la regi\u00f3n, desafiando la integridad territorial, especialmente la de los estados lim\u00edtrofes.<\/p>\n\n\n\n<p>Finalmente, Gergana Karadjova destac\u00f3 que con el apoyo a Ucrania, este se convertir\u00e1 en pa\u00eds miembro de la Alianza. Adem\u00e1s, se\u00f1al\u00f3 que el futuro de la OTAN viene marcado por la paz y la seguridad en todas sus formas.<\/p>\n\n\n\n<p>A continuaci\u00f3n, tom\u00f3 la palabra <strong>Norbert Brada, director del departamento de Pol\u00edtica de Seguridad del Ministerio de Asuntos Exteriores y Europeos de Eslovaquia<\/strong>. Comenz\u00f3 su intervenci\u00f3n afirmando que, ante los tiempos tan dif\u00edciles y desafiantes a los que nos enfrentamos como miembros de la Alianza, es de vital importancia mantener la unidad y la fuerza que la caracteriza. Por otro lado, al igual que hizo Gergana Karadjova, aprovech\u00f3 la oportunidad para conmemorar la adhesi\u00f3n de Eslovaquia a la OTAN. Adem\u00e1s, se\u00f1al\u00f3 que <strong>Eslovaquia es una firme defensora de la pol\u00edtica de puertas abiertas<\/strong>, ya que considera que la ampliaci\u00f3n de la Alianza promueve la democracia y la prosperidad. Brada finaliz\u00f3 su intervenci\u00f3n se\u00f1alando que uno de los pilares que caracteriza a la OTAN es la solidaridad, as\u00ed como la defensa y la solidaridad colectiva.<\/p>\n\n\n\n<p>Para concluir el turno de intervenciones de la primera mesa redonda, <strong>Margus Kolga, director general del Departamento de Planificaci\u00f3n de Pol\u00edticas del Ministerio de Asuntos Exteriores de la Rep\u00fablica de Estonia<\/strong>, se\u00f1al\u00f3 la <strong>importancia de la adhesi\u00f3n de Estonia tanto a la Alianza como a la Uni\u00f3n Europea<\/strong>, asegurando as\u00ed los valores democr\u00e1ticos y el Estado de Derecho, as\u00ed como la seguridad del pa\u00eds. Asimismo, hizo un llamamiento para que los miembros europeos, junto con Canad\u00e1, pusieran m\u00e1s recursos y esfuerzo con el fin de equilibrar la influencia estadounidense.<\/p>\n\n\n\n<p>Al concluir las intervenciones de los representantes de Espa\u00f1a, Bulgaria, Eslovaquia y Estonia, se abri\u00f3 un turno de preguntas para fomentar un di\u00e1logo m\u00e1s enriquecedor. Tanto los asistentes presentes en la sala como aquellos que participaban de manera virtual tuvieron la oportunidad de formular preguntas que abordaban diversos aspectos tratados durante la mesa redonda. Este intercambio de ideas y perspectivas permiti\u00f3 ampliar el conocimiento compartido y enriquecer la discusi\u00f3n en el marco de la Alianza antes de dar por finalizada la sesi\u00f3n.<\/p>\n\n\n\n<h4 class=\"wp-block-heading\"><strong><em><mark style=\"background-color:rgba(0, 0, 0, 0)\" class=\"has-inline-color has-luminous-vivid-orange-color\">The Alliance\u2019s Security Envioronment: Global and Regional Perspectives on Conflicts and Partnerships<\/mark><\/em><\/strong><\/h4>\n\n\n\n<p>La segunda mesa redonda, titulada <strong><em>The Alliance\u2019s Security Environment: Global and Regional Perspectives on Conflicts and Partnerships<\/em><\/strong>, estuvo enfocada en la situaci\u00f3n actual en Europa y en la seguridad futura, abordando los problemas y conflictos tratados en la primera mesa. El primero en tomar la palabra fue <strong>Andrej Slapnicar, embajador y jefe del Departamento de Pol\u00edtica de Seguridad del Ministerio de Asuntos Exteriores y Europeos de Eslovenia<\/strong>, quien hizo referencia al ex ministro de Asuntos Exteriores de Espa\u00f1a, Javier Solana, que acompa\u00f1\u00f3 a Eslovenia en su adhesi\u00f3n tanto a la OTAN como a la Uni\u00f3n Europea, destacando el apoyo incondicional de Espa\u00f1a en estos procesos. Adem\u00e1s, Slapnicar <strong>defendi\u00f3 la apertura de la OTAN para permitir la entrada de nuevos Estados<\/strong> miembros, as\u00ed como la ampliaci\u00f3n de la Uni\u00f3n Europea. Asimismo, Andrej Slapnicar afirm\u00f3 que la pr\u00f3xima Cumbre de la OTAN, programada para julio, demostrar\u00e1 que <strong>la Alianza es m\u00e1s solida y fuerte que nunca<\/strong>, reafirmando su compromiso con la seguridad y la estabilidad en la regi\u00f3n y en el mundo.<\/p>\n\n\n\n<p>Slapnicar hizo referencia a la gran pregunta sobre <strong>cu\u00e1l es la funci\u00f3n que cumple la OTAN en la actualidad<\/strong>. Aunque nos enfrentamos a grandes desaf\u00edos, como la guerra en Ucrania o la situaci\u00f3n en Oriente Medio, la OTAN sigue siendo tan relevante como en tiempos pret\u00e9ritos. La agresi\u00f3n de Rusia ha supuesto la ruptura de la seguridad euro-atl\u00e1ntica, as\u00ed como su estabilidad, lo que exige una Europa m\u00e1s segura y una OTAN m\u00e1s fuerte, seg\u00fan Andrej Slapnicar. Concluy\u00f3 su intervenci\u00f3n destacando que tanto <strong>la Uni\u00f3n Europea como la OTAN se gu\u00edan por los mismos valores democr\u00e1ticos y el Estado de Derecho<\/strong>, y espera que estos valores sean compartidos por los posibles nuevos miembros con el fin de continuar con el progreso.<\/p>\n\n\n\n<p>En su intervenci\u00f3n, <strong>Rita Kazragien\u00e9, embajadora y enviada especial para el Indo-Pac\u00edfico en el Ministerio de Asuntos Exteriores de Lituania<\/strong>, reafirm\u00f3 la importancia de la pol\u00edtica abierta de la Alianza, haciendo especial menci\u00f3n a Ucrania y su posible adhesi\u00f3n, recalcando que el pa\u00eds necesita cada vez m\u00e1s el apoyo y las garant\u00edas de la OTAN. Kazragien\u00e9 tambi\u00e9n subray\u00f3 la <strong>necesidad que presenta la OTAN de expandirse y fortalecer as\u00ed sus alianzas<\/strong>. Por otro lado, el conflicto entre Rusia y Ucrania exige a la Alianza actuar fuerte y de forma conjunta. El futuro de la OTAN, como refleja la pol\u00edtica de vecindad del sur, est\u00e1 generando crecientes v\u00ednculos de seguridad entre el este y el sur.<\/p>\n\n\n\n<p><strong>\u00abTodo lo que suceda en Europa y en Ucrania importa a los pa\u00edses asi\u00e1ticos\u00bb<\/strong>, afirm\u00f3 Rita Kazragien\u00e9. Para respaldar su afirmaci\u00f3n, expuso varios ejemplos, como la ayuda militar que China est\u00e1 proporcionando a Rusia, as\u00ed como recursos para la industria militar. Adem\u00e1s, se\u00f1al\u00f3 que el gas ruso se exporta a mejor precio a China, al mismo tiempo que las capacidades militares chinas aumentan sin precedentes, lo que, seg\u00fan Kazragien\u00e9, indica que China est\u00e1 aprendiendo de Rusia, incluyendo la guerra h\u00edbrida, es decir, acciones militares, de informaci\u00f3n y econ\u00f3micas.<\/p>\n\n\n\n<p>Finalmente, Rita Kazragien\u00e9 afirm\u00f3 que la OTAN necesita estar m\u00e1s atenta que nunca a este desaf\u00edo, puesto que Rusia, Corea del Norte, China e Ir\u00e1n nunca han estado tan aliados, suponiendo una amenaza para otros pa\u00edses de la regi\u00f3n. Esto implica que el <em>soft power<\/em> gane cada vez m\u00e1s importancia, es decir, los dominios no militares que posee cada pa\u00eds.<\/p>\n\n\n\n<p>Seguidamente, <strong>J\u0101nis Zlamets, director general de Pol\u00edtica de Seguridad y Organizaciones Internacionales del Ministerio de Asuntos Exteriores de la Rep\u00fablica de Letonia<\/strong>, comenz\u00f3 su intervenci\u00f3n respondiendo a la pregunta <strong>\u00ab\u00bfPor qu\u00e9 la OTAN tiene asociaciones?\u00bb <\/strong>Zlamets asegur\u00f3 que es esencial para que la Alianza cumpla todas sus funciones y pueda proporcionar defensa y seguridad a todos sus miembros. Muy ligado a esto, introdujo la importancia de que los miembros de la OTAN se involucren en las amenazas y desaf\u00edos a las que se enfrenta cualquier pa\u00eds miembro, as\u00ed como en la toma de decisiones conjuntas entre todos los pa\u00edses miembros.<\/p>\n\n\n\n<p><strong>Alice Sabau-Georgescu, subdirectora de Pol\u00edticas de Seguridad del Ministerio de Asuntos Exteriores de Ruman\u00eda<\/strong>, cerr\u00f3 la segunda mesa redonda haciendo referencia a la guerra en Ucrania, se\u00f1alando que este conflicto ha supuesto un hito, siendo la primera ocasi\u00f3n que se llev\u00f3 tan lejos la cooperaci\u00f3n de la OTAN, as\u00ed como un momento crucial para su ampliaci\u00f3n. Adem\u00e1s, record\u00f3 la<strong> Cumbre celebrada en Madrid en 2022, donde se expuso el Nuevo Concepto Estrat\u00e9gico<\/strong> junto con algunas decisiones hist\u00f3ricas que brindaron a la OTAN un instrumento de adaptaci\u00f3n. Sabau-Georgescu afirm\u00f3 que actualmente nos enfrentamos a una multiplicaci\u00f3n de desaf\u00edos para la seguridad sin precedentes, as\u00ed como a nuevas amenazas. Seguimos enfrent\u00e1ndonos al terrorismo, que supone una gran amenaza para la seguridad euroatl\u00e1ntica; la proliferaci\u00f3n de armas sigue estando a la orden del d\u00eda y la <em>pol\u00edtica agresiva<\/em> sigue siendo uno de los principales desaf\u00edos a los que tiene que hacer frente la OTAN.<\/p>\n\n\n\n<p>Finalmente, recalc\u00f3 que el conflicto de Ucrania tambi\u00e9n est\u00e1 desafiando la seguridad econ\u00f3mica, energ\u00e9tica y alimentaria, debido a que Rusia est\u00e1 desestabilizando estas \u00e1reas, no solo en Ucrania, sino a nivel global. Esto exige una respuesta desde una visi\u00f3n mucho m\u00e1s amplia, no solo a nivel regional, lo que implica que la seguridad debe abordarse a trav\u00e9s de un enfoque 360\u00ba.<\/p>\n\n\n\n<p>Al concluir las intervenciones de los representantes de Eslovenia, Lituania, Letoniay Ruman\u00eda, se dio paso al segundo debate de la sesi\u00f3n, en el que los participantes presenciales y aquellos que nos acompa\u00f1aban de forma virtual formularon sus preguntas a los ponentes de esta segunda mesa redonda.<\/p>\n\n\n\n<h4 class=\"wp-block-heading\"><strong><em><mark style=\"background-color:rgba(0, 0, 0, 0)\" class=\"has-inline-color has-luminous-vivid-orange-color\">Conference Closing Remarks<\/mark><\/em><\/strong><\/h4>\n\n\n\n<p>Para concluir la Conferencia, contamos con las palabras de clausura de<strong> Paula Redondo,<\/strong>&nbsp;<strong>coordinadora de programas para Rusia y Asia Central de la OTAN<\/strong>, quien comenz\u00f3 su intervenci\u00f3n recalcando que todos los pa\u00edses que se integraron en la OTAN tomaron esa decisi\u00f3n libremente, algo que Rusia est\u00e1 negando a Ucrania. Redondo hizo alusi\u00f3n a la evoluci\u00f3n y crecimiento de la OTAN: en 1949, la alianza apenas contaba con doce pa\u00edses; sin embargo, 70 a\u00f1os despu\u00e9s, cuenta con 32 pa\u00edses, lo que demuestra el \u00e9xito de la Alianza.<\/p>\n\n\n\n<p>En los \u00faltimos dos a\u00f1os, se ha observado, seg\u00fan Paula Redondo, <strong>un incremento del apoyo de la opini\u00f3n p\u00fablica hacia la OTAN,<\/strong> as\u00ed como el respaldo de la OTAN a Ucrania. Adem\u00e1s, hizo referencia a la Cumbre de Washington, donde se abordar\u00e1n las cuestiones que garantizar\u00e1n que sigamos permaneciendo unidos y podamos responder de manera efectiva y conjunta a los desaf\u00edos. La OTAN tiene que demostrar posee m\u00e1s fuerza y cuenta con nuevas capacidades, adem\u00e1s de garantizar la producci\u00f3n de todos los recursos que la Alianza necesite.<\/p>\n\n\n\n<p>Una de las mayores prioridades de la OTAN es el apoyo a Ucrania, proporcionando ayuda militar que ha permitido a Ucrania combatir contra Rusia y recuperar territorio. Sin embargo, se necesita m\u00e1s apoyo institucional que pueda proporcionar mayor previsi\u00f3n y transparencia en la entrega de esos suministros, se\u00f1al\u00f3 Paula Redondo.<\/p>\n\n\n\n<p>Palmira Reboto<\/p>\n","protected":false},"excerpt":{"rendered":"<p>En esta conferencia tuvimos la oportunidad de organizar dos mesas redondas. La primera, titulada NATO\u2019s Profile on its 75th Anniversary: Current Challenges and Perspectives, estuvo moderada por Vicente Garrido, director [&hellip;]<\/p>\n","protected":false},"author":3,"featured_media":17438,"comment_status":"open","ping_status":"closed","sticky":false,"template":"","format":"standard","meta":{"_acf_changed":false,"footnotes":""},"categories":[8],"tags":[],"class_list":["post-17439","post","type-post","status-publish","format-standard","has-post-thumbnail","hentry","category-conferencias-y-seminarios"],"acf":[],"_links":{"self":[{"href":"https:\/\/fundacionincipe.com\/index.php\/wp-json\/wp\/v2\/posts\/17439","targetHints":{"allow":["GET"]}}],"collection":[{"href":"https:\/\/fundacionincipe.com\/index.php\/wp-json\/wp\/v2\/posts"}],"about":[{"href":"https:\/\/fundacionincipe.com\/index.php\/wp-json\/wp\/v2\/types\/post"}],"author":[{"embeddable":true,"href":"https:\/\/fundacionincipe.com\/index.php\/wp-json\/wp\/v2\/users\/3"}],"replies":[{"embeddable":true,"href":"https:\/\/fundacionincipe.com\/index.php\/wp-json\/wp\/v2\/comments?post=17439"}],"version-history":[{"count":5,"href":"https:\/\/fundacionincipe.com\/index.php\/wp-json\/wp\/v2\/posts\/17439\/revisions"}],"predecessor-version":[{"id":17457,"href":"https:\/\/fundacionincipe.com\/index.php\/wp-json\/wp\/v2\/posts\/17439\/revisions\/17457"}],"wp:featuredmedia":[{"embeddable":true,"href":"https:\/\/fundacionincipe.com\/index.php\/wp-json\/wp\/v2\/media\/17438"}],"wp:attachment":[{"href":"https:\/\/fundacionincipe.com\/index.php\/wp-json\/wp\/v2\/media?parent=17439"}],"wp:term":[{"taxonomy":"category","embeddable":true,"href":"https:\/\/fundacionincipe.com\/index.php\/wp-json\/wp\/v2\/categories?post=17439"},{"taxonomy":"post_tag","embeddable":true,"href":"https:\/\/fundacionincipe.com\/index.php\/wp-json\/wp\/v2\/tags?post=17439"}],"curies":[{"name":"wp","href":"https:\/\/api.w.org\/{rel}","templated":true}]}}