{"id":17425,"date":"2024-06-27T10:36:00","date_gmt":"2024-06-27T10:36:00","guid":{"rendered":"https:\/\/fundacionincipe.com\/?p=17425"},"modified":"2024-10-10T11:32:43","modified_gmt":"2024-10-10T11:32:43","slug":"la-guerra-en-sudan-y-su-significado-en-la-cadena-de-cambios-geopoliticos-entre-el-atlantico-y-el-mar-rojo","status":"publish","type":"post","link":"https:\/\/fundacionincipe.com\/index.php\/2024\/06\/27\/la-guerra-en-sudan-y-su-significado-en-la-cadena-de-cambios-geopoliticos-entre-el-atlantico-y-el-mar-rojo\/","title":{"rendered":"La Guerra en Sud\u00e1n y su significado en la cadena de cambios geopol\u00edticos entre el Atl\u00e1ntico y el mar Rojo"},"content":{"rendered":"\n<p>Isidro Gonz\u00e1lez comenz\u00f3 su intervenci\u00f3n subrayando que la Guerra en Sud\u00e1n es la <strong><em>Gran Guerra olvidada<\/em>, representando la mayor crisis humanitaria del mundo con m\u00e1s de diez millones de desplazados<\/strong>. \u00abEsta guerra afecta a Europa y, por ende, a Espa\u00f1a,\u00bb afirm\u00f3 el embajador. La guerra est\u00e1 teniendo un <strong>gran impacto econ\u00f3mico<\/strong>, reduciendo a la mitad los ingresos que Egipto percibe por la utilizaci\u00f3n del canal de Suez, adem\u00e1s de encarecer las importaciones que traen los barcos comerciales.<\/p>\n\n\n\n<p>\u00abLa comunidad internacional cree que no puede haber ning\u00fan bando ganador,\u00bb afirm\u00f3 Gonz\u00e1lez Afonso. Ninguno de los bandos re\u00fane las caracter\u00edsticas necesarias para proclamarse vencedor. \u00abEstamos ante una situaci\u00f3n que se asemeja mucho a la de Libia,\u00bb agreg\u00f3 el embajador. <strong>Sud\u00e1n se encuentra dividido en dos partes: una controlada por la milicia y otra por el ej\u00e9rcito<\/strong>. Las zonas controladas por la milicia incluyen las \u00e1reas productivas principales, entre ellas, gran parte de la capital del pa\u00eds, Jartum.<\/p>\n\n\n\n<p>Seg\u00fan Gonz\u00e1lez Afonso, los intentos de tregua han fracasado. Estados Unidos y Arabia Saud\u00ed han intentado entablar negociaciones entre los beligerantes desde el estallido del conflicto, pero esto no ha sucedido, lo que demuestra cu\u00e1n polarizadas est\u00e1n las partes. <strong>En 2019, la revoluci\u00f3n sudanesa puso fin a la dictadura islamista de Omar al Bashir<\/strong>, dando inicio a un gobierno civil en coalici\u00f3n con los militares. Sin embargo, en octubre de 2021, el presidente y el vicepresidente dieron un golpe de estado conjunto, apartando del poder al gobierno civil, explic\u00f3 el embajador.<\/p>\n\n\n\n<p>Entre octubre de 2021 y el 15 de abril de 2023, la sociedad civil sudanesa protagoniz\u00f3 numerosos acontecimientos, manifestando su deseo de retomar el proceso de transici\u00f3n democr\u00e1tica, a pesar del alto costo de vida. La guerra en Sud\u00e1n estall\u00f3 justo cuando estaban a punto de culminar unas negociaciones en las que los militares iban a ceder el poder a los civiles, restaurando as\u00ed la transici\u00f3n democr\u00e1tica. Esto hubiera permitido a Sud\u00e1n ser el primer ejemplo exitoso de la llamada primavera \u00e1rabe, seg\u00fan Gonz\u00e1lez Afonso.<\/p>\n\n\n\n<p>Tras el estallido del conflicto en el pa\u00eds, no se respet\u00f3 la Convenci\u00f3n de Viena relativa a la protecci\u00f3n de instalaciones diplom\u00e1ticas y consulares. Desde el primer d\u00eda de la guerra tanto las oficinas de las embajadas como las residencias de los embajadores, pasaron a ser objetivos. Sin embargo, el embajador Isidro Gonz\u00e1lez Afonso destaca la <strong>brillante labor que realiz\u00f3 el ej\u00e9rcito espa\u00f1ol evacuando a personal diplom\u00e1tico<\/strong> espa\u00f1ol junto a otros ciudadanos europeos y latinoamericanos.<\/p>\n\n\n\n<p>Los dos bandos enfrentados cuentan con apoyo internacional. El ej\u00e9rcito recibe el respaldo de Egipto, Arabia Saud\u00ed y Qatar, mientras que las milicias de apoyo r\u00e1pido tienen un fuerte apoyo de los Emiratos \u00c1rabes Unidos, seg\u00fan se\u00f1alan muchos analistas internacionales. La entrada en escena de Ir\u00e1n y Rusia apoyando al ej\u00e9rcito cambia completamente el panorama de la guerra. A cambio de su apoyo, Rusia tendr\u00eda derecho a establecer una base log\u00edstica en la costa del mar Rojo.<\/p>\n\n\n\n<p>En t\u00e9rminos de recursos naturales, Sud\u00e1n es el tercer productor de oro de \u00c1frica, as\u00ed como el granero de los pa\u00edses del Golfo. Para Europa, el hecho de que se trate de un pa\u00eds grande adem\u00e1s de contar con una amplia costa en el mar Rojo por la que transita un tercio del comercio que llega a Europa es de vital importancia. Sin embargo, esta ruta se ha visto perjudicada a ra\u00edz del conflicto en Yemen con los Hut\u00edes y que puede empeorar si la guerra sigue expandi\u00e9ndose y llega hasta la zona oriental del pa\u00eds, es decir, hacia la costa del mar Rojo.<\/p>\n\n\n\n<p>\u00abLa comunidad internacional hasta ahora no ha conseguido detener la guerra,\u00bb afirm\u00f3 el embajador. Sin embargo, <strong>otros actores internacionales est\u00e1n jugando un papel relevante<\/strong>, como la Uni\u00f3n Africana, que est\u00e1 intentando formar un frente civil, y la ONU, que fue expulsada por el gobierno de Sud\u00e1n dos meses despu\u00e9s del comienzo del conflicto. Adem\u00e1s, la Liga \u00c1rabe ha mantenido reuniones y realizado labores de coordinaci\u00f3n. El embajador Gonz\u00e1lez Afonso destac\u00f3 el papel de Egipto, que va a convocar una reuni\u00f3n con civiles sudaneses el 6 y 7 de julio. En esta reuni\u00f3n se espera la participaci\u00f3n de la principal plataforma pro-democracia sudanesa, liderada por el ex-ministro civil. El objetivo de esta reuni\u00f3n, seg\u00fan el embajador, es presionar a los beligerantes para que pongan fin a la guerra.<\/p>\n\n\n\n<p><strong>La sociedad civil sudanesa logr\u00f3 derrocar al dictador Omar al Bashir, quien estuvo en el poder durante 25 a\u00f1os<\/strong>, subray\u00f3 el embajador. El panorama es preocupante; el hecho de que sea una guerra olvidada no le resta importancia. Lo que est\u00e1 ocurriendo en Sud\u00e1n <strong>puede desestabilizar todo el Cuerno de \u00c1frica<\/strong> y crear tensiones en Gaza. El conflicto en Sud\u00e1n est\u00e1 absorbiendo la atenci\u00f3n de muchos pa\u00edses vecinos, lo que puede favorecer la llegada de grupos de ideolog\u00eda radical al pa\u00eds.<\/p>\n\n\n\n<p>Tras la intervenci\u00f3n de Isidro Gonz\u00e1lez Afonso, se abri\u00f3 un debate en el que los participantes plantearon preguntas sobre la crisis humanitaria, la desestabilizaci\u00f3n regional, la evacuaci\u00f3n de Jartum, las implicaciones econ\u00f3micas, las relaciones entre los contendientes y Rusia, los recursos naturales, el terrorismo, las ONG, las estrategias militares, la crisis alimentaria y la labor de la embajada espa\u00f1ola.<\/p>\n\n\n\n<p>Palmira Reboto<\/p>\n","protected":false},"excerpt":{"rendered":"<p>Isidro Gonz\u00e1lez comenz\u00f3 su intervenci\u00f3n subrayando que la Guerra en Sud\u00e1n es la Gran Guerra olvidada, representando la mayor crisis humanitaria del mundo con m\u00e1s de diez millones de desplazados. [&hellip;]<\/p>\n","protected":false},"author":3,"featured_media":17424,"comment_status":"open","ping_status":"closed","sticky":false,"template":"","format":"standard","meta":{"_acf_changed":false,"footnotes":""},"categories":[8],"tags":[],"class_list":["post-17425","post","type-post","status-publish","format-standard","has-post-thumbnail","hentry","category-conferencias-y-seminarios"],"acf":[],"_links":{"self":[{"href":"https:\/\/fundacionincipe.com\/index.php\/wp-json\/wp\/v2\/posts\/17425","targetHints":{"allow":["GET"]}}],"collection":[{"href":"https:\/\/fundacionincipe.com\/index.php\/wp-json\/wp\/v2\/posts"}],"about":[{"href":"https:\/\/fundacionincipe.com\/index.php\/wp-json\/wp\/v2\/types\/post"}],"author":[{"embeddable":true,"href":"https:\/\/fundacionincipe.com\/index.php\/wp-json\/wp\/v2\/users\/3"}],"replies":[{"embeddable":true,"href":"https:\/\/fundacionincipe.com\/index.php\/wp-json\/wp\/v2\/comments?post=17425"}],"version-history":[{"count":6,"href":"https:\/\/fundacionincipe.com\/index.php\/wp-json\/wp\/v2\/posts\/17425\/revisions"}],"predecessor-version":[{"id":17448,"href":"https:\/\/fundacionincipe.com\/index.php\/wp-json\/wp\/v2\/posts\/17425\/revisions\/17448"}],"wp:featuredmedia":[{"embeddable":true,"href":"https:\/\/fundacionincipe.com\/index.php\/wp-json\/wp\/v2\/media\/17424"}],"wp:attachment":[{"href":"https:\/\/fundacionincipe.com\/index.php\/wp-json\/wp\/v2\/media?parent=17425"}],"wp:term":[{"taxonomy":"category","embeddable":true,"href":"https:\/\/fundacionincipe.com\/index.php\/wp-json\/wp\/v2\/categories?post=17425"},{"taxonomy":"post_tag","embeddable":true,"href":"https:\/\/fundacionincipe.com\/index.php\/wp-json\/wp\/v2\/tags?post=17425"}],"curies":[{"name":"wp","href":"https:\/\/api.w.org\/{rel}","templated":true}]}}