{"id":17406,"date":"2024-09-26T11:08:46","date_gmt":"2024-09-26T11:08:46","guid":{"rendered":"https:\/\/fundacionincipe.com\/?p=17406"},"modified":"2025-03-31T09:04:51","modified_gmt":"2025-03-31T09:04:51","slug":"la-etica-en-la-utilizacion-de-la-inteligencia-artificial-2","status":"publish","type":"post","link":"https:\/\/fundacionincipe.com\/index.php\/2024\/09\/26\/la-etica-en-la-utilizacion-de-la-inteligencia-artificial-2\/","title":{"rendered":"La \u00e9tica en la utilizaci\u00f3n de la inteligencia artificial"},"content":{"rendered":"\n<p>La actividad se desarroll\u00f3 en espa\u00f1ol y congreg\u00f3 a una audiencia interesada en comprender <strong>c\u00f3mo afrontar riesgos y desaf\u00edos \u00e9ticos graves que surgen del desarrollo acelerado de la Inteligencia Artificial<\/strong>. Para ello, contamos con la participaci\u00f3n de Gabriela Ramos, una de las personalidades mexicanas con m\u00e1s prestigio y experiencia en la esfera internacional, tras una larga carrera en la que ha ocupado importantes cargos en organismos como el servicio exterior mexicano o la OECD. Durante la sesi\u00f3n, Gabriela Ramos present\u00f3 un an\u00e1lisis detallado de <strong>los elementos clave que permiten comprender el impacto \u00e9tico de la IA<\/strong>. Se destac\u00f3 el papel clave de la UNESCO en velar por el desarrollo \u00e9tico de la ciencia y la tecnolog\u00eda desde hace 20 a\u00f1os, siempre desde un enfoque multidisciplinar que permita adaptar las recomendaciones a pol\u00edticas p\u00fablicas procedentes de muy diversos \u00e1mbitos.&nbsp;<\/p>\n\n\n\n<p>Gabriela Ramos comenz\u00f3 su intervenci\u00f3n se\u00f1alando el desarrollo de la IA como uno de los temas clave de la actualidad, al tratarse de una revoluci\u00f3n tecnol\u00f3gica que no solo afecta a todos los \u00e1mbitos, sino que adem\u00e1s lo hace a una velocidad sin precedentes. Es de ah\u00ed que nace la <strong>necesidad de abordar c\u00f3mo canalizar este tipo de tecnolog\u00eda para lograr sociedades m\u00e1s justas y equitativas<\/strong>, asegurando que no haya comunidades que se queden al margen ni una gran concentraci\u00f3n de capacidades tecnol\u00f3gicas en la utilizaci\u00f3n de estas herramientas en manos de unos cuantos.&nbsp;<\/p>\n\n\n\n<p>Gabriela Ramos se\u00f1ala que una de las claves para comprender el impacto de la IA est\u00e1 en su velocidad r\u00e9cord de adopci\u00f3n. El avance sin precedentes en su desarrollo se sustenta en inversiones millonarias que no todas las empresas se pueden permitir, por lo que la capacidad competitiva para amplificar estas herramientas se concentra en un n\u00famero limitado de compa\u00f1\u00edas de alta capacidad financiera. Ramos tambi\u00e9n destaca que adoptar la IA en procesos sofisticados no solo requiere un esfuerzo de inversi\u00f3n, sino que tambi\u00e9n puede precisar el aumento de las competencias de aquellas empresas que quieran utilizar esta herramienta. Es por todo ello que en la actualidad muchas peque\u00f1as y medianas empresas son incapaces de utilizar la IA en toda su extensi\u00f3n.&nbsp;<\/p>\n\n\n\n<p>Aun as\u00ed, la implementaci\u00f3n de dichas herramientas se establece como una prioridad para la mayor\u00eda de los directivos en tecnolog\u00edas de la informaci\u00f3n (67%), con un 33% consider\u00e1ndola una prioridad m\u00e1xima. Adem\u00e1s, m\u00e1s de la mitad cree que estas tecnolog\u00edas cambiar\u00e1n las normas del juego, aunque tambi\u00e9n hay una mayor\u00eda a quienes les preocupa que puedan conllevar riesgos para la seguridad (79%), o que otorguen resultados sesgados (73%).&nbsp;<\/p>\n\n\n\n<p>Aunque riesgos como la ciberseguridad, la mala utilizaci\u00f3n y la desinformaci\u00f3n son destacados como los grandes temores que genera el desarrollo de esta tecnolog\u00eda, Gabriela Ramos se\u00f1ala otros que reciben menor visibilidad. Por ejemplo, el uso diario de resultados generados por IA para apoyar decisiones a nivel gubernamental, acad\u00e9mico o privado podr\u00eda amenazar la convivencia social, al abrir la puerta a despojar de derechos sociales a partes de la poblaci\u00f3n a partir de algoritmos sesgados o poco equilibrados. Otro desaf\u00edo importante surge a nivel de g\u00e9nero, con la IA generando una brecha tecnol\u00f3gica entre hombres y mujeres al ampliar estereotipos, generar sesgos algor\u00edtmicos en raz\u00f3n de g\u00e9nero, o crear baches para el emprendimiento de las mujeres en relaci\u00f3n a esta tecnolog\u00eda.&nbsp;<\/p>\n\n\n\n<p>A estos <strong>desaf\u00edos derivados del desarrollo de la IA<\/strong> se anteponen narrativas que han impedido mayores avances en su regulaci\u00f3n, como la concepci\u00f3n de que la regulaci\u00f3n coarta la innovaci\u00f3n, o que los asuntos relativos a la IA son demasiado complejos y deben ser manejados \u00fanicamente por personal especializado. A pesar de ello, Gabriela Ramos reconoce una mayor concienciaci\u00f3n por parte de los gobiernos respecto a la necesidad de <strong>desarrollar marcos de regulaci\u00f3n mucho m\u00e1s s\u00f3lidos<\/strong>. Ramos se\u00f1ala el incremento de los proyectos de ley en muchos pa\u00edses (de 1 en 2016 a 37 en 2022), as\u00ed como de procedimientos legislativos mundiales con relaci\u00f3n a la IA (6.5% m\u00e1s desde 2016). Se trata de un avance significativo, aunque muchas de estas legislaciones se centren en la aplicaci\u00f3n pr\u00e1ctica de la IA en sectores espec\u00edficos, en lugar de en su regulaci\u00f3n general a nivel algor\u00edtmico.&nbsp;<\/p>\n\n\n\n<p>Ramos destaca tambi\u00e9n <strong>el papel de la UNESCO como primera organizaci\u00f3n internacional en lograr que 193 pa\u00edses firmaran una resoluci\u00f3n sobre la \u00e9tica de la IA<\/strong>. Dicha resoluci\u00f3n fue a su vez impulsada por un grupo internacional de expertos en diversas materias (matem\u00e1ticos, fil\u00f3sofos, historiadores, economistas etc.), lo que destaca el car\u00e1cter multidisciplinar de la regulaci\u00f3n, as\u00ed como su foco en el contenido humano. De esta forma, la resoluci\u00f3n no se centra en la tecnolog\u00eda, sino en cu\u00e1l debe ser el objetivo y el impacto de esta. Esto pasa por una definici\u00f3n exhaustiva de los valores a los que debe adherirse la tecnolog\u00eda, extrapolables a principios pr\u00e1cticos que los desarrolladores, gobiernos y utilizadores deben tener en cuenta al interactuar con la IA, como la proporcionalidad de su uso, la garant\u00eda de la seguridad y la protecci\u00f3n de los usuarios, o el derecho a la intimidad y la protecci\u00f3n de datos. Dichos valores pueden, a su vez, ser trasladados a recomendaciones muy espec\u00edficas a nivel de pol\u00edticas p\u00fablicas.&nbsp;<\/p>\n\n\n\n<p>Gabriela Ramos se\u00f1ala el <strong>papel fundamental de los foros regionales y globales de la \u00e9tica de la IA<\/strong>, que permiten compartir experiencias en esta materia, incluso a nivel de empresa privada o enfoc\u00e1ndose en \u00e1reas espec\u00edficas como la de g\u00e9nero. Finalmente, concluye mencionando el <strong>pacto digital global impulsado por la ONU<\/strong>, que lleva la narrativa un paso m\u00e1s all\u00e1 para asegurar que la IA es s\u00f3lida e inclusiva y que los pa\u00edses rezagados en su utilizaci\u00f3n est\u00e1n recibiendo el apoyo que necesitan. Seg\u00fan Ramos, la IA puede ser una herramienta fundamental para alcanzar los ODS, de ah\u00ed que la cuesti\u00f3n no sea solo su regulaci\u00f3n, sino tambi\u00e9n el apoyo en la inversi\u00f3n para que los desarrollos en ella sean s\u00f3lidos y accesibles.<\/p>\n\n\n\n<p>La sesi\u00f3n concluy\u00f3 con un debate donde los participantes pudieron plantear preguntas sobre los temas tratados. Este intercambio subray\u00f3 la relevancia de comprender mejor la importancia del marco internacional al abordar los desaf\u00edos \u00e9ticos procedentes del desarrollo de la IA.<\/p>\n\n\n\n<p>Luc\u00eda Rodr\u00edguez<\/p>\n","protected":false},"excerpt":{"rendered":"<p>La actividad se desarroll\u00f3 en espa\u00f1ol y congreg\u00f3 a una audiencia interesada en comprender c\u00f3mo afrontar riesgos y desaf\u00edos \u00e9ticos graves que surgen del desarrollo acelerado de la Inteligencia Artificial. [&hellip;]<\/p>\n","protected":false},"author":3,"featured_media":17372,"comment_status":"open","ping_status":"closed","sticky":false,"template":"","format":"standard","meta":{"_acf_changed":false,"footnotes":""},"categories":[8],"tags":[],"class_list":["post-17406","post","type-post","status-publish","format-standard","has-post-thumbnail","hentry","category-conferencias-y-seminarios"],"acf":[],"_links":{"self":[{"href":"https:\/\/fundacionincipe.com\/index.php\/wp-json\/wp\/v2\/posts\/17406","targetHints":{"allow":["GET"]}}],"collection":[{"href":"https:\/\/fundacionincipe.com\/index.php\/wp-json\/wp\/v2\/posts"}],"about":[{"href":"https:\/\/fundacionincipe.com\/index.php\/wp-json\/wp\/v2\/types\/post"}],"author":[{"embeddable":true,"href":"https:\/\/fundacionincipe.com\/index.php\/wp-json\/wp\/v2\/users\/3"}],"replies":[{"embeddable":true,"href":"https:\/\/fundacionincipe.com\/index.php\/wp-json\/wp\/v2\/comments?post=17406"}],"version-history":[{"count":3,"href":"https:\/\/fundacionincipe.com\/index.php\/wp-json\/wp\/v2\/posts\/17406\/revisions"}],"predecessor-version":[{"id":22375,"href":"https:\/\/fundacionincipe.com\/index.php\/wp-json\/wp\/v2\/posts\/17406\/revisions\/22375"}],"wp:featuredmedia":[{"embeddable":true,"href":"https:\/\/fundacionincipe.com\/index.php\/wp-json\/wp\/v2\/media\/17372"}],"wp:attachment":[{"href":"https:\/\/fundacionincipe.com\/index.php\/wp-json\/wp\/v2\/media?parent=17406"}],"wp:term":[{"taxonomy":"category","embeddable":true,"href":"https:\/\/fundacionincipe.com\/index.php\/wp-json\/wp\/v2\/categories?post=17406"},{"taxonomy":"post_tag","embeddable":true,"href":"https:\/\/fundacionincipe.com\/index.php\/wp-json\/wp\/v2\/tags?post=17406"}],"curies":[{"name":"wp","href":"https:\/\/api.w.org\/{rel}","templated":true}]}}