{"id":17164,"date":"2024-07-18T17:55:25","date_gmt":"2024-07-18T17:55:25","guid":{"rendered":"https:\/\/fundacionincipe.com\/?p=17164"},"modified":"2024-10-10T12:10:10","modified_gmt":"2024-10-10T12:10:10","slug":"la-otan-tras-la-cumbre-washington","status":"publish","type":"post","link":"https:\/\/fundacionincipe.com\/index.php\/2024\/07\/18\/la-otan-tras-la-cumbre-washington\/","title":{"rendered":"La OTAN tras la Cumbre Washington"},"content":{"rendered":"\n<p>Javier Colomina inici\u00f3 su intervenci\u00f3n destacando que la <strong>Cumbre de la OTAN en Washington, conmemorando el 75 aniversario de la Alianza Atl\u00e1ntica<\/strong>, no solo contaba con un importante componente simb\u00f3lico, sino que tambi\u00e9n gener\u00f3 resultados significativos. Uno de los ejes centrales de la agenda de la Cumbre de Washington vers\u00f3 en torno a la guerra en Ucrania. Colomina se\u00f1al\u00f3 que <strong>el apoyo a Ucrania es una de las prioridades para la OTAN desde el inicio de la guerra<\/strong>, en febrero de 2022. Se ha apoyado a Ucrania de diversas maneras, entre ellas facilitando entrenamiento y asistencia a los efectivos militares ucranianos. Alrededor de 700 efectivos han recibido asistencia en bases log\u00edsticas fuera del territorio ucraniano.<\/p>\n\n\n\n<p>En t\u00e9rminos de ayuda financiera, los p<strong>a\u00edses miembros de la OTAN se han comprometido a garantizar 40 mil millones de d\u00f3lares anuales a Ucrania<\/strong>, estableciendo unas cuotas orientativas a cada miembro. Esta ayuda consolida el apoyo econ\u00f3mico ya existente que previamente se llevaba a cabo de forma voluntaria y bilateral y que, a partir de la Cumbre, ser\u00e1 canalizado por la OTAN para que los Aliados contribuyan con lo acordado.<\/p>\n\n\n\n<p>Por otro lado, se abord\u00f3 la <strong>aproximaci\u00f3n de Ucrania a la OTAN<\/strong> y su posible incorporaci\u00f3n como pa\u00eds miembro, dejando claro que mientras el conflicto contin\u00fae, Ucrania no puede entrar en la Alianza. Sin embargo, se est\u00e1 trabajando activamente para construir un \u00abBridge to Membership\u00bb, a trav\u00e9s de decisiones que hacen que la incorporaci\u00f3n de Ucrania en un futuro sea un camino irreversible.<\/p>\n\n\n\n<p>Otro eje central de la <strong>agenda de la Cumbre fue la defensa colectiva y la capacidad de disuasi\u00f3n de la Alianza<\/strong>. En esta l\u00ednea, Colomina subray\u00f3 la rapidez de movilizaci\u00f3n de la OTAN, que despleg\u00f3 en las primeras dos semanas de la guerra a 40,000 soldados, 100 barcos y 300 aviones de combate para garantizar la integridad territorial de los pa\u00edses miembros. Tras las nuevas decisiones adoptadas, la OTAN ser\u00e1 capaz de desplegar en un periodo de tiempo similar hasta 500,000 soldados, una capacidad que no posee ning\u00fan pa\u00eds en el mundo.<\/p>\n\n\n\n<p>El tercer grupo de decisiones estuvo vinculado con los socios y las relaciones de partenariado existentes. <strong>La OTAN cuenta con 35 socios en el mundo<\/strong>, desde Colombia a Nueva Zelanda. En la Cumbre de Washington participaron en una de las sesiones los l\u00edderes de cuatro pa\u00edses del Indo-Pac\u00edfico: Jap\u00f3n, Australia, Corea del Sur y Nueva Zelanda. Adem\u00e1s, acudieron en representaci\u00f3n de la Uni\u00f3n Europea, el presidente del Consejo, Charles Michel, y el alto representante Josep Borrell. La UE es un socio \u00fanico y estrat\u00e9gico, cuya colaboraci\u00f3n ha sido esencial desde el inicio de la guerra en Ucrania.<\/p>\n\n\n\n<p>Dentro del enfoque de los partenariados, Colomina destac\u00f3 la reciente aprobaci\u00f3n de un plan de acci\u00f3n para el Sur, fruto de un arduo proceso de negociaci\u00f3n y un informe posterior de un grupo de expertos sobre la regi\u00f3n. Este plan ser\u00e1 de ayuda para incrementar la presencia y capacidad de la OTAN en el vecindario sur, adem\u00e1s de mejorar la asistencia, el entrenamiento y las capacidades de los socios en la regi\u00f3n. A d\u00eda de hoy, la Alianza cuenta con once socios en esta \u00e1rea, cuatro de ellos en el Golfo y siete en el Mediterr\u00e1neo, pero se est\u00e1n explorando nuevas relaciones, incluyendo a actores como Arabia Saud\u00ed y la Uni\u00f3n Africana.<\/p>\n\n\n\n<p>Un elemento clave en el plan de acci\u00f3n para el sur es la apertura de una oficina de la OTAN en Am\u00e1n, Jordania, y la posibilidad de otra apertura en la regi\u00f3n del Magreb. Esto incrementar\u00e1 la presencia pol\u00edtica de la OTAN en la regi\u00f3n, facilitando la cooperaci\u00f3n pr\u00e1ctica y la coordinaci\u00f3n con los socios locales. Adem\u00e1s, se planea nombrar un representante especial para el sur, cuya responsabilidad ser\u00e1 coordinar y ejecutar el plan de acci\u00f3n de manera efectiva.<\/p>\n\n\n\n<p>Javier Colomina concluy\u00f3 su intervenci\u00f3n resaltando la relevancia de estas decisiones para la estabilidad y seguridad euroatl\u00e1ntica, y se mostr\u00f3 disponible para responder las preguntas que nuestra audiencia en directo formul\u00f3 durante el debar\u00a1te posterior a su intervenci\u00f3n.<\/p>\n\n\n\n<p>Aranzazu \u00c1lvarez<\/p>\n\n\n\n<p><\/p>\n","protected":false},"excerpt":{"rendered":"<p>Javier Colomina inici\u00f3 su intervenci\u00f3n destacando que la Cumbre de la OTAN en Washington, conmemorando el 75 aniversario de la Alianza Atl\u00e1ntica, no solo contaba con un importante componente simb\u00f3lico, [&hellip;]<\/p>\n","protected":false},"author":3,"featured_media":17152,"comment_status":"open","ping_status":"closed","sticky":false,"template":"","format":"standard","meta":{"_acf_changed":false,"footnotes":""},"categories":[8],"tags":[],"class_list":["post-17164","post","type-post","status-publish","format-standard","has-post-thumbnail","hentry","category-conferencias-y-seminarios"],"acf":[],"_links":{"self":[{"href":"https:\/\/fundacionincipe.com\/index.php\/wp-json\/wp\/v2\/posts\/17164","targetHints":{"allow":["GET"]}}],"collection":[{"href":"https:\/\/fundacionincipe.com\/index.php\/wp-json\/wp\/v2\/posts"}],"about":[{"href":"https:\/\/fundacionincipe.com\/index.php\/wp-json\/wp\/v2\/types\/post"}],"author":[{"embeddable":true,"href":"https:\/\/fundacionincipe.com\/index.php\/wp-json\/wp\/v2\/users\/3"}],"replies":[{"embeddable":true,"href":"https:\/\/fundacionincipe.com\/index.php\/wp-json\/wp\/v2\/comments?post=17164"}],"version-history":[{"count":4,"href":"https:\/\/fundacionincipe.com\/index.php\/wp-json\/wp\/v2\/posts\/17164\/revisions"}],"predecessor-version":[{"id":17412,"href":"https:\/\/fundacionincipe.com\/index.php\/wp-json\/wp\/v2\/posts\/17164\/revisions\/17412"}],"wp:featuredmedia":[{"embeddable":true,"href":"https:\/\/fundacionincipe.com\/index.php\/wp-json\/wp\/v2\/media\/17152"}],"wp:attachment":[{"href":"https:\/\/fundacionincipe.com\/index.php\/wp-json\/wp\/v2\/media?parent=17164"}],"wp:term":[{"taxonomy":"category","embeddable":true,"href":"https:\/\/fundacionincipe.com\/index.php\/wp-json\/wp\/v2\/categories?post=17164"},{"taxonomy":"post_tag","embeddable":true,"href":"https:\/\/fundacionincipe.com\/index.php\/wp-json\/wp\/v2\/tags?post=17164"}],"curies":[{"name":"wp","href":"https:\/\/api.w.org\/{rel}","templated":true}]}}