{"id":16845,"date":"2024-04-12T07:32:00","date_gmt":"2024-04-12T07:32:00","guid":{"rendered":"https:\/\/fundacionincipe.com\/?p=16845"},"modified":"2024-10-10T12:11:34","modified_gmt":"2024-10-10T12:11:34","slug":"la-otan-en-su-75-aniversario-prioridades-y-desafios","status":"publish","type":"post","link":"https:\/\/fundacionincipe.com\/index.php\/2024\/04\/12\/la-otan-en-su-75-aniversario-prioridades-y-desafios\/","title":{"rendered":"La OTAN en su 75 aniversario: prioridades y desaf\u00edos"},"content":{"rendered":"\n<p>Carmen Romero comenz\u00f3 su intervenci\u00f3n destacando el papel crucial de la OTAN en sus 75 a\u00f1os de historia. Seg\u00fan se\u00f1al\u00f3, uno de los momentos m\u00e1s destacados de las conmemoraciones ser\u00e1 en julio, cuando los jefes de Gobierno y Estado se re\u00fanan en Washington.&nbsp;<strong>Este aniversario nos brinda una oportunidad para reconocer el papel de la Alianza, especialmente en la actual coyuntura de seguridad tan compleja<\/strong>. Nos enfrentamos a amenazas que ponen en riesgo no solo nuestra seguridad, sino tambi\u00e9n nuestro estilo de vida, incluyendo una guerra en territorio europeo. Adem\u00e1s, estamos lidiando con una mayor competencia estrat\u00e9gica a nivel global y persisten muchos desaf\u00edos, como las amenazas h\u00edbridas, cibern\u00e9ticas, el terrorismo y las implicaciones del cambio clim\u00e1tico para nuestra seguridad.<\/p>\n\n\n\n<p>\u00abNecesitamos a la OTAN m\u00e1s que nunca\u00bb, afirm\u00f3 el secretario general de la Alianza, Jens Stoltenberg. En la misma l\u00ednea, destac\u00f3 que \u00abla buena noticia es que contamos con una OTAN fuerte\u00bb. La Alianza ahora cuenta con m\u00e1s aliados que nunca, pasando de los doce miembros originales a treinta y dos pa\u00edses miembros en la actualidad, tras las recientes incorporaciones de Finlandia y Suecia. Adem\u00e1s, cuenta con fuerzas militares con una preparaci\u00f3n sin precedentes, mayores inversiones en defensa y una red global de socios m\u00e1s amplia que nunca.<\/p>\n\n\n\n<p>La OTAN es principalmente una organizaci\u00f3n pol\u00edtico-militar que protege a m\u00e1s de 1.000 millones de personas en el espacio euro-atl\u00e1ntico. Carmen Romero destac\u00f3 que el 90% de los ciudadanos que viven en la Uni\u00f3n Europea residen en un pa\u00eds miembro de la OTAN. La Alianza se apoya tanto en instrumentos pol\u00edticos como militares para garantizar nuestra seguridad. Romero resalt\u00f3 que la OTAN es el \u00fanico foro donde los pa\u00edses de Am\u00e9rica del Norte y Europa se re\u00fanen diariamente para discutir cuestiones de seguridad relevantes.<strong>&nbsp;Todas las decisiones se toman por consenso, dejando de lado los intereses individuales en aras de la seguridad compartida<\/strong>. El instrumento militar ayuda a implementar las decisiones pol\u00edticas a trav\u00e9s de la defensa y la disuasi\u00f3n, con el objetivo de evitar conflictos en lugar de provocarlos. La Alianza es una organizaci\u00f3n de caracter defensivo, no ofensivo, preparada para defenderse si fuera necesario, pero siempre evitando escaladas y bas\u00e1ndose en los principios de la Carta de las Naciones Unidas.<\/p>\n\n\n\n<p>Carmen Romero se pregunt\u00f3: \u00bfpor qu\u00e9 la OTAN sigue tan relevante 75 a\u00f1os despu\u00e9s de su creaci\u00f3n? Sencillamente porque<strong>&nbsp;la OTAN ha sabido adaptarse<\/strong>. La Alianza naci\u00f3 con la misi\u00f3n de disuadir a la Uni\u00f3n Sovi\u00e9tica, desempe\u00f1ando un papel crucial durante 40 a\u00f1os para poner fin a la Guerra Fr\u00eda y proteger a nuestros ciudadanos y territorios. Despu\u00e9s de ese largo periodo, la OTAN ampli\u00f3 su enfoque m\u00e1s all\u00e1 de la seguridad colectiva, participando en operaciones fuera de sus fronteras y contribuyendo a resolver conflictos en los Balcanes Occidentales. Tras los ataques terroristas del 2001, la OTAN asumi\u00f3 un papel principal en la lucha contra el terrorismo, rol que sigue desempe\u00f1ando en la actualidad.<\/p>\n\n\n\n<p>Despu\u00e9s del fin de la Guerra Fr\u00eda, Rusia pas\u00f3 de ser un adversario a ser un socio y se estableci\u00f3 una cooperaci\u00f3n pr\u00e1ctica fundamental dentro de la arquitectura de seguridad. Sin embargo, la anexi\u00f3n de Crimea en 2014 y la ocupaci\u00f3n de territorios en el Domb\u00e1s por parte de Rusia cambiaron el espectro de seguridad para la OTAN.&nbsp;<strong>Despu\u00e9s de 30 a\u00f1os de prosperidad y predictibilidad, se ha reactivado la seguridad colectiva<\/strong>&nbsp;como no se hab\u00eda hecho desde el fin de la Guerra Fr\u00eda. Adem\u00e1s, la amenaza terrorista ha aumentado con la aparici\u00f3n de grupos como el Daesh en Oriente Medio.<\/p>\n\n\n\n<p>En respuesta a la agresi\u00f3n a Ucrania, la OTAN ha mostrado una unidad constante. Su respuesta se basa en tres pilares: apoyar el derecho de Ucrania a defenderse, reforzar la defensa y la disuasi\u00f3n para evitar que el conflicto se extienda a las fronteras de los pa\u00edses miembros de la OTAN, y trabajar con los socios de la Alianza como parte de una coalici\u00f3n internacional en defensa del derecho internacional.<\/p>\n\n\n\n<p>Tras la intervenci\u00f3n de Carmen Romero, se abri\u00f3 un debate donde los participantes plantearon preguntas sobre los procesos de ampliaci\u00f3n de la OTAN, las relaciones entre la OTAN y la Uni\u00f3n Europea y los compromisos de los pa\u00edses miembros en el gasto en defensa, entre otros temas.<\/p>\n\n\n\n<h6 class=\"wp-block-heading\">Aranzazu \u00c1lvarez<\/h6>\n","protected":false},"excerpt":{"rendered":"<p>Carmen Romero comenz\u00f3 su intervenci\u00f3n destacando el papel crucial de la OTAN en sus 75 a\u00f1os de historia. Seg\u00fan se\u00f1al\u00f3, uno de los momentos m\u00e1s destacados de las conmemoraciones ser\u00e1 [&hellip;]<\/p>\n","protected":false},"author":3,"featured_media":16847,"comment_status":"open","ping_status":"closed","sticky":false,"template":"","format":"standard","meta":{"_acf_changed":false,"footnotes":""},"categories":[8],"tags":[],"class_list":["post-16845","post","type-post","status-publish","format-standard","has-post-thumbnail","hentry","category-conferencias-y-seminarios"],"acf":[],"_links":{"self":[{"href":"https:\/\/fundacionincipe.com\/index.php\/wp-json\/wp\/v2\/posts\/16845","targetHints":{"allow":["GET"]}}],"collection":[{"href":"https:\/\/fundacionincipe.com\/index.php\/wp-json\/wp\/v2\/posts"}],"about":[{"href":"https:\/\/fundacionincipe.com\/index.php\/wp-json\/wp\/v2\/types\/post"}],"author":[{"embeddable":true,"href":"https:\/\/fundacionincipe.com\/index.php\/wp-json\/wp\/v2\/users\/3"}],"replies":[{"embeddable":true,"href":"https:\/\/fundacionincipe.com\/index.php\/wp-json\/wp\/v2\/comments?post=16845"}],"version-history":[{"count":5,"href":"https:\/\/fundacionincipe.com\/index.php\/wp-json\/wp\/v2\/posts\/16845\/revisions"}],"predecessor-version":[{"id":17449,"href":"https:\/\/fundacionincipe.com\/index.php\/wp-json\/wp\/v2\/posts\/16845\/revisions\/17449"}],"wp:featuredmedia":[{"embeddable":true,"href":"https:\/\/fundacionincipe.com\/index.php\/wp-json\/wp\/v2\/media\/16847"}],"wp:attachment":[{"href":"https:\/\/fundacionincipe.com\/index.php\/wp-json\/wp\/v2\/media?parent=16845"}],"wp:term":[{"taxonomy":"category","embeddable":true,"href":"https:\/\/fundacionincipe.com\/index.php\/wp-json\/wp\/v2\/categories?post=16845"},{"taxonomy":"post_tag","embeddable":true,"href":"https:\/\/fundacionincipe.com\/index.php\/wp-json\/wp\/v2\/tags?post=16845"}],"curies":[{"name":"wp","href":"https:\/\/api.w.org\/{rel}","templated":true}]}}