{"id":16096,"date":"2024-02-09T10:54:26","date_gmt":"2024-02-09T10:54:26","guid":{"rendered":"https:\/\/fundacionincipe.com\/?p=16096"},"modified":"2024-10-10T12:13:16","modified_gmt":"2024-10-10T12:13:16","slug":"la-presidencia-belga-de-la-ue-hacia-una-europa-mas-fuerte-mas-eficaz-al-servicio-de-los-ciudadanos","status":"publish","type":"post","link":"https:\/\/fundacionincipe.com\/index.php\/2024\/02\/09\/la-presidencia-belga-de-la-ue-hacia-una-europa-mas-fuerte-mas-eficaz-al-servicio-de-los-ciudadanos\/","title":{"rendered":"La Presidencia belga de la UE: hacia una Europa m\u00e1s fuerte, m\u00e1s eficaz, al servicio de los ciudadanos"},"content":{"rendered":"\n<p>Geert Cockx comenz\u00f3 su intervenci\u00f3n matizando el&nbsp;<strong>papel<\/strong>&nbsp;de la&nbsp;<strong>Presidencia del Consejo de la Uni\u00f3n Europea<\/strong>, que consiste en ejercer de&nbsp;<strong>intermediario imparcial<\/strong>&nbsp;<strong>para lograr<\/strong>&nbsp;<strong>impulsar<\/strong>&nbsp;<strong>los<\/strong>&nbsp;<strong>trabajos<\/strong>&nbsp;<strong>del Consejo<\/strong>, buscar&nbsp;<strong>consensos<\/strong>, y&nbsp;<strong>representar<\/strong>&nbsp;institucionalmente a todos&nbsp;<strong>los Estados miembros<\/strong>. Adem\u00e1s, destac\u00f3 la necesidad de&nbsp;<strong>flexibilidad<\/strong>&nbsp;por parte de cada Presidencia para&nbsp;<strong>adaptarse<\/strong>&nbsp;a eventos y crisis que puedan surgir durante su mandato.<\/p>\n\n\n\n<p>&nbsp;En el contexto espec\u00edfico de la&nbsp;<strong>Presidencia belga<\/strong>, el embajador Cockx destac\u00f3 la estrecha&nbsp;<strong>coordinaci\u00f3n entre B\u00e9lgica y Espa\u00f1a<\/strong>, se\u00f1alando los&nbsp;<strong>logros<\/strong>&nbsp;alcanzados durante la Presidencia espa\u00f1ola y la continuidad en el avance de varios expedientes bajo la Presidencia belga. Mencion\u00f3 el cierre de numerosos expedientes y avances significativos en \u00e1reas como la&nbsp;<strong>reforma del mercado el\u00e9ctrico<\/strong>, el&nbsp;<strong><em>Pacto sobre Migraci\u00f3n y Asilo<\/em><\/strong>, la&nbsp;<strong>regulaci\u00f3n de plataformas digitales<\/strong>&nbsp;o la&nbsp;<strong><em>Ley de Inteligencia Artificial<\/em><\/strong><em>.<\/em><\/p>\n\n\n\n<p>&nbsp;Cockx porsigui\u00f3 se\u00f1alando que el&nbsp;<strong>lema<\/strong>&nbsp;de la Presidencia belga,&nbsp;<strong><em>Proteger, reforzar, preparar<\/em><\/strong>, refleja la&nbsp;<strong>crisis m\u00faltiple<\/strong>&nbsp;a la que se enfrenta Europa en la actualidad, con<strong>&nbsp;guerras y retos econ\u00f3micos<\/strong>,&nbsp;<strong>sociales<\/strong>&nbsp;y&nbsp;<strong>clim\u00e1ticos<\/strong>. Adem\u00e1s, destac\u00f3 que el mundo actual est\u00e1 caracterizado por la&nbsp;<strong>inestabilidad<\/strong>, la&nbsp;<strong>competencia estrat\u00e9gica<\/strong>&nbsp;y las&nbsp;<strong>amenazas<\/strong>&nbsp;en materia de&nbsp;<strong>seguridad<\/strong>; por lo que urge&nbsp;<strong>fortalecer<\/strong>&nbsp;la seguridad y la defensa europeas mediante una mayor&nbsp;<strong>cooperaci\u00f3n<\/strong>&nbsp;para reforzar la&nbsp;<strong>inversi\u00f3n<\/strong>, el&nbsp;<strong>desarrollo<\/strong>&nbsp;<strong>de<\/strong>&nbsp;<strong>capacidades<\/strong>&nbsp;y la construcci\u00f3n de un&nbsp;<strong>mercado integrado<\/strong>.<\/p>\n\n\n\n<p>&nbsp;Posteriormente, el embajador Cockx hizo hincapi\u00e9 en los&nbsp;<strong>seis<\/strong>&nbsp;<strong>grandes grupos de<\/strong>&nbsp;<strong>prioridades<\/strong>&nbsp;identificados en el programa trabajo de la Presidencia belga, que incluyen la&nbsp;<strong>defensa del Estado de Derecho y la<\/strong>&nbsp;<strong>democracia<\/strong>, el&nbsp;<strong>fortalecimiento<\/strong>&nbsp;de la&nbsp;<strong>competitividad industrial<\/strong>, la&nbsp;<strong>transici\u00f3n verde y justa<\/strong>, el impulso a la<strong>&nbsp;agenda social y de salud<\/strong>, la&nbsp;<strong>protecci\u00f3n<\/strong>&nbsp;de los&nbsp;<strong>ciudadanos<\/strong>&nbsp;<strong>y<\/strong>&nbsp;las&nbsp;<strong>fronteras<\/strong>, y la&nbsp;<strong>promoci\u00f3n<\/strong>&nbsp;de una&nbsp;<strong>Europa global<\/strong>.<\/p>\n\n\n\n<p>En cuanto a los&nbsp;<strong>desaf\u00edos a corto plazo<\/strong>, el embajador mencion\u00f3 la necesidad de finalizar e implementar el&nbsp;<strong><em>Pacto Verde Europeo<\/em><\/strong>, acelerar la<strong>&nbsp;transici\u00f3n energ\u00e9tica<\/strong>, y abordar&nbsp;<strong>crisis regionales<\/strong>&nbsp;como la situaci\u00f3n en Ucrania y en Oriente Medio. Asimismo, destac\u00f3 la importancia de mantener la&nbsp;<strong>cohesi\u00f3n interna<\/strong>&nbsp;<strong>dentro de la Uni\u00f3n Europea<\/strong>&nbsp;y&nbsp;<strong>fortalecer<\/strong>&nbsp;su papel en el&nbsp;<strong>\u00e1mbito internacional<\/strong>.<\/p>\n\n\n\n<p>&nbsp;En cuanto a la agenda futura, el embajador Cockx anunci\u00f3 la&nbsp;<strong>adopci\u00f3n<\/strong>&nbsp;antes de verano de una&nbsp;<strong>Agenda Estrat\u00e9gica<\/strong>&nbsp;<strong>para los a\u00f1os<\/strong>&nbsp;<strong>2024-2029<\/strong>, que establecer\u00e1 las&nbsp;<strong>prioridades<\/strong>&nbsp;y&nbsp;<strong>m\u00e9todos de trabajo<\/strong>&nbsp;de la Uni\u00f3n en los pr\u00f3ximos a\u00f1os. Asimismo, subray\u00f3 el&nbsp;<strong>compromiso<\/strong>&nbsp;de B\u00e9lgica de apoyar el proceso de&nbsp;<strong>ampliaci\u00f3n<\/strong>&nbsp;<strong>de la Uni\u00f3n Europea<\/strong>, destacando la importancia de una&nbsp;<strong>Europa m\u00e1s fuerte y cohesionada<\/strong>&nbsp;en un mundo cambiante.<\/p>\n\n\n\n<p>&nbsp;En el \u00faltimo bloque de la sesi\u00f3n tuvo lugar un debate, en el que los participantes formularon algunas preguntas sobre temas como la&nbsp;<strong>percepci\u00f3n<\/strong>&nbsp;d<strong>e la Uni\u00f3n Europea hacia el Sur<\/strong>; las relaciones entre la Uni\u00f3n y&nbsp;<strong>Am\u00e9rica Latina<\/strong>; as\u00ed como la influencia de las&nbsp;<strong>elecciones al Parlamento Europeo<\/strong>&nbsp;en el desarrollo de la Presidencia belga.<\/p>\n\n\n\n<p>&nbsp;Se discuti\u00f3 tambi\u00e9n acerca de la&nbsp;<strong>ampliaci\u00f3n de la UE<\/strong>&nbsp;y la adhesi\u00f3n de Ucrania, sobre el&nbsp;<strong>control<\/strong>&nbsp;de&nbsp;<strong>fondos<\/strong>&nbsp;concedidos a&nbsp;<strong>Ucrania<\/strong>, y sobre el&nbsp;<strong>mercado interior<\/strong>&nbsp;y la&nbsp;<strong>competencia econ\u00f3mica<\/strong>. Adem\u00e1s, se habl\u00f3 sobre la&nbsp;<strong>seguridad y defensa<\/strong>&nbsp;en la uni\u00f3n; la&nbsp;<strong>lucha<\/strong>&nbsp;contra la&nbsp;<strong>delincuencia organizada<\/strong>&nbsp;y el&nbsp;<strong>terrorismo<\/strong>; el&nbsp;<strong>Estado de Derecho<\/strong>&nbsp;dentro de la UE; y, finalmente, sobre la&nbsp;<strong>agenda social<\/strong>&nbsp;de la Uni\u00f3n.<\/p>\n\n\n\n<h6 class=\"wp-block-heading\">Elena Ferro<\/h6>\n\n\n\n<h6 class=\"wp-block-heading\">INCIPE<\/h6>\n","protected":false},"excerpt":{"rendered":"<p>El 9 de febrero de 2023, INCIPE celebr\u00f3 el evento virtual titulado La Presidencia belga de la UE, con la participaci\u00f3n de Geert Cockx, embajador de B\u00e9lgica en Espa\u00f1a. El encuentro fue presentado por el embajador y secretario general del INCIPE, Manuel Alabart. Tras la ponencia, se inici\u00f3 una ronda de preguntas moderada por Vicente Garrido, director general del INCIPE.<\/p>\n","protected":false},"author":3,"featured_media":16109,"comment_status":"closed","ping_status":"closed","sticky":false,"template":"","format":"standard","meta":{"_acf_changed":false,"footnotes":""},"categories":[8],"tags":[],"class_list":["post-16096","post","type-post","status-publish","format-standard","has-post-thumbnail","hentry","category-conferencias-y-seminarios"],"acf":[],"_links":{"self":[{"href":"https:\/\/fundacionincipe.com\/index.php\/wp-json\/wp\/v2\/posts\/16096","targetHints":{"allow":["GET"]}}],"collection":[{"href":"https:\/\/fundacionincipe.com\/index.php\/wp-json\/wp\/v2\/posts"}],"about":[{"href":"https:\/\/fundacionincipe.com\/index.php\/wp-json\/wp\/v2\/types\/post"}],"author":[{"embeddable":true,"href":"https:\/\/fundacionincipe.com\/index.php\/wp-json\/wp\/v2\/users\/3"}],"replies":[{"embeddable":true,"href":"https:\/\/fundacionincipe.com\/index.php\/wp-json\/wp\/v2\/comments?post=16096"}],"version-history":[{"count":3,"href":"https:\/\/fundacionincipe.com\/index.php\/wp-json\/wp\/v2\/posts\/16096\/revisions"}],"predecessor-version":[{"id":17463,"href":"https:\/\/fundacionincipe.com\/index.php\/wp-json\/wp\/v2\/posts\/16096\/revisions\/17463"}],"wp:featuredmedia":[{"embeddable":true,"href":"https:\/\/fundacionincipe.com\/index.php\/wp-json\/wp\/v2\/media\/16109"}],"wp:attachment":[{"href":"https:\/\/fundacionincipe.com\/index.php\/wp-json\/wp\/v2\/media?parent=16096"}],"wp:term":[{"taxonomy":"category","embeddable":true,"href":"https:\/\/fundacionincipe.com\/index.php\/wp-json\/wp\/v2\/categories?post=16096"},{"taxonomy":"post_tag","embeddable":true,"href":"https:\/\/fundacionincipe.com\/index.php\/wp-json\/wp\/v2\/tags?post=16096"}],"curies":[{"name":"wp","href":"https:\/\/api.w.org\/{rel}","templated":true}]}}