{"id":15719,"date":"2023-11-16T20:02:00","date_gmt":"2023-11-16T20:02:00","guid":{"rendered":"https:\/\/fundacionincipe.com\/?p=15719"},"modified":"2024-12-04T12:09:04","modified_gmt":"2024-12-04T12:09:04","slug":"la-union-europea-de-la-seguridad-y-la-defensa-frente-a-las-amenazas-emergentes","status":"publish","type":"post","link":"https:\/\/fundacionincipe.com\/index.php\/2023\/11\/16\/la-union-europea-de-la-seguridad-y-la-defensa-frente-a-las-amenazas-emergentes\/","title":{"rendered":"La Uni\u00f3n Europea de la Seguridad y la Defensa frente a las amenazas emergentes"},"content":{"rendered":"\n<p>En esta sesi\u00f3n, tuvimos la oportunidad de organizar dos mesas redondas. La primera, por t\u00edtulo&nbsp;<strong><em>La industria de defensa y la Br\u00fajula Estrat\u00e9gica: implicaciones para Espa\u00f1a<\/em><\/strong>, estuvo moderada por el&nbsp;<strong>Col. Jos\u00e9 Luis Calvo<\/strong>, y en ella participaron el&nbsp;<strong>Col. Alfonso Barea Mestanza<\/strong>, jefe del \u00c1rea de Cooperaci\u00f3n Multilateral, SDG de Relaciones Internacionales, Ministerio de Defensa;&nbsp;<strong>Ricardo Mart\u00ed-Flux\u00e1<\/strong>, presidente de TEDAE y secretario de Estado de Seguridad (1996-2000); y el&nbsp;<strong>Col. Carlos S\u00e1nchez-Ledesma<\/strong>, jefe de la Divisi\u00f3n de Capacidades de Fuerza, Estado Mayor de la Uni\u00f3n Europea, Bruselas. La segunda mesa redonda,&nbsp;<strong><em>La Estrategia para una Uni\u00f3n de la Seguridad<\/em><\/strong>, estuvo moderada por&nbsp;<strong>Vicente Garrido<\/strong>, director general de INCIPE y en ella participaron el&nbsp;<strong>CN Francisco Ruiz Gonz\u00e1lez<\/strong>, jefe del \u00c1rea Uni\u00f3n Europea, Direcci\u00f3n General de Pol\u00edtica de Defensa, Ministerio de Defensa;&nbsp;<strong>F\u00e9lix Arteaga<\/strong>, investigador principal del \u00e1rea de seguridad y defensa en el Real Instituto Elcano; y&nbsp;<strong>Diego L\u00f3pez Garrido<\/strong>, vicepresidente ejecutivo de la Fundaci\u00f3n Alternativas, catedr\u00e1tico em\u00e9rito de Derecho Constitucional, y secretario de Estado para la Uni\u00f3n Europea (2008-2011).<\/p>\n\n\n\n<p>El<strong>&nbsp;Col. Jos\u00e9 Luis Calvo&nbsp;<\/strong>comenz\u00f3 su intervenci\u00f3n enmarcando la&nbsp;<strong>Uni\u00f3n Europea<\/strong>&nbsp;como un&nbsp;<strong>proyecto de paz<\/strong>, ideada para no repetir los horrores de la Primera y Segunda Guerra Mundial. Pero con el tiempo, explica el Col. Calvo, la Uni\u00f3n se ha ido dando cuenta de que, si quiere ir m\u00e1s all\u00e1 de un mercado com\u00fan, debe tener una dimensi\u00f3n que contemple la seguridad y la defensa, que se traduce en el pilar de la&nbsp;<strong>Pol\u00edtica Exterior y de Seguridad Com\u00fan<\/strong>&nbsp;(PESC) y de la&nbsp;<strong>Pol\u00edtica Com\u00fan de Seguridad y Defensa<\/strong>&nbsp;(PCSD), y, adem\u00e1s, se crea el&nbsp;<strong>Servicio Europeo de Acci\u00f3n Exterior<\/strong>&nbsp;(SEAE). Pero la Guerra de Ucrania nos ha hecho darnos cuenta de la verdadera necesidad de seguir avanzado en este \u00e1mbito, dice el coronel.<\/p>\n\n\n\n<p>Contin\u00faa destacando la importancia de\u00a0<strong>mantener equilibradas<\/strong>\u00a0las dos patas de todo sistema de seguridad, que son la pata dura (<strong>capacidades militares<\/strong>) y la pata blanda (<strong>negociaci\u00f3n<\/strong>); ya que, en su opini\u00f3n, en el caso de la Guerra de Ucrania ha fallado la disuasi\u00f3n y en el caso de \u00c1frica, m\u00e1s concretamente en el Sahel, ha fallado el di\u00e1logo. Para seguir avanzando en este \u00e1mbito contamos con la\u00a0<strong>Br\u00fajula Estrat\u00e9gica<\/strong>, aprobada en marzo de 2022, pero tambi\u00e9n debemos entrar, seg\u00fan el coronel, en un periodo de\u00a0<strong>reflexi\u00f3n<\/strong>\u00a0para dirimir en qu\u00e9 hemos fallado, y en un periodo de\u00a0<strong>desarrollo de capacidades<\/strong>.<\/p>\n\n\n\n<h3 class=\"wp-block-heading has-medium-font-size\"><strong><em><mark style=\"background-color:rgba(0, 0, 0, 0)\" class=\"has-inline-color has-luminous-vivid-orange-color\">La industria de defensa y la Br\u00fajula Estrat\u00e9gica: implicaciones para Espa\u00f1a<\/mark><\/em><\/strong><\/h3>\n\n\n\n<p>Durante la primera mesa redonda,&nbsp;<strong><em>La industria de defensa y la Br\u00fajula Estrat\u00e9gica: implicaciones para Espa\u00f1a<\/em><\/strong>, el <strong>Col. Alfonso Barea Mestanza<\/strong> inici\u00f3 su intervenci\u00f3n destacando que en los \u00faltimos a\u00f1os la Uni\u00f3n Europea ha tenido que hacer frente a numerosos <strong>retos<\/strong>, que han impulsado la Europa de la defensa y la <strong>industria de la defensa<\/strong>. Esto ha desencadenado un c\u00famulo de iniciativas y herramientas dirigidas en una misma direcci\u00f3n: la voluntad clara de disponer de <strong>capacidades militares<\/strong> para actuar de manera efectiva ante los retos y amenazas del siglo XXI, siendo capaces de actuar, llegado el caso, de manera aut\u00f3noma.<\/p>\n\n\n\n<p>A partir de la <strong><em>Declaraci\u00f3n de Versalles<\/em><\/strong>, firmada en marzo de 2022, se asume de manera clara el compromiso pol\u00edtico con una mayor responsabilidad respecto a la seguridad europea, y el compromiso de <strong>invertir<\/strong> de manera decidida en <strong>capacidades de defensa<\/strong> y en <strong>tecnolog\u00edas de innovaci\u00f3n<\/strong>. Esta declaraci\u00f3n, adem\u00e1s, estableci\u00f3 que la Br\u00fajula Estrat\u00e9gica proporcionar\u00eda orientaciones de actuaci\u00f3n para hacer de la Uni\u00f3n un garante de seguridad m\u00e1s fuerte y capaz.<\/p>\n\n\n\n<p>Esta <strong>Br\u00fajula Estrat\u00e9gica<\/strong> destaca en los siguientes \u00e1mbitos: ofrece una <strong>evaluaci\u00f3n com\u00fan<\/strong> del entorno estrat\u00e9gico; aporta una mayor <strong>coherencia y unidad de acci\u00f3n<\/strong>; establece nuevas formas y medios para mejorar la capacidad colectiva, fomentando la <strong>inversi\u00f3n<\/strong> y la <strong>innovaci\u00f3n<\/strong>; y, finalmente, especifica objetivos claros para <strong>medir los avances<\/strong>. As\u00ed mismo, la Br\u00fajula Estrat\u00e9gica establece cuatro grandes pilares: <strong>actuar<\/strong>, <strong>proteger<\/strong>, <strong>invertir<\/strong> y <strong>asociarse<\/strong>.<\/p>\n\n\n\n<p>El coronel finaliza destacando que nos encontramos en un momento \u00e1lgido en cuanto a la gesti\u00f3n y ejecuci\u00f3n de <strong>programas de armamento<\/strong>, y que, a causa de la situaci\u00f3n geopol\u00edtica en la que nos encontramos, las iniciativas y actividades europeas se han multiplicado exponencialmente, por lo que, hoy m\u00e1s que nunca, es necesario contar con una <strong>base industrial y tecnol\u00f3gica<\/strong> innovadora, competitiva y <strong>resiliente<\/strong>.<\/p>\n\n\n\n<p>En su intervenci\u00f3n, el <strong>Col. Carlos S\u00e1nchez-Ledesma<\/strong> aporta la visi\u00f3n desde el <strong>Estado Mayor de la Uni\u00f3n Europea <\/strong>sobre c\u00f3mo est\u00e1n evolucionando las capacidades militares en el \u00e1mbito de la Uni\u00f3n, y comienza explicando el papel del <strong>Comit\u00e9 Militar de la Uni\u00f3n Europea<\/strong> (CMUE) en este \u00e1mbito.<\/p>\n\n\n\n<p>El CMUE es el \u00f3rgano de m\u00e1s alto nivel militar dentro del Consejo de la Uni\u00f3n Europea, y est\u00e1 formado por los jefes de Estado Mayor de los veintisiete Estados miembros. En el \u00e1mbito del <strong>desarrollo de capacidades<\/strong>, el coronel destaca una iniciativa concreta: el <strong><em>Plan de Desarrollo de Capacidades<\/em><\/strong>, que describe cu\u00e1les con las <strong>carencias<\/strong> que tiene la Uni\u00f3n para conseguir llevar a cabo las misiones incluidas en su nivel de ambici\u00f3n, centrado principalmente en misiones de <strong>gesti\u00f3n de crisis<\/strong>.<\/p>\n\n\n\n<p>Concluye exponiendo que, desde la invasi\u00f3n de Ucrania, todos los pa\u00edses miembros han <strong>aumentado<\/strong> de forma considerable sus <strong>presupuestos en defensa<\/strong> y su predisposici\u00f3n a cooperar para fomentar la industria de la defensa. Algo que, adem\u00e1s, la <strong>Comisi\u00f3n Europea<\/strong> ha pasado a promover activamente, entrando con fuerza en el \u00e1mbito de las capacidades, mediante financiaci\u00f3n para la <strong>cooperaci\u00f3n en la adquisici\u00f3n<\/strong>, de forma que se consiga fortalecer la industria de defensa y, finalmente, alcanzar la ansiada <strong>autonom\u00eda estrat\u00e9gica europea<\/strong>.<\/p>\n\n\n\n<p>Por \u00faltimo, <strong>Ricardo Mart\u00ed-Flux\u00e1<\/strong> expone que, en el \u00e1mbito de la <strong>OTAN<\/strong>, <strong>Espa\u00f1a<\/strong> juega ya un <strong>papel pol\u00edtico y militar muy relevante<\/strong>, siendo el s\u00e9ptimo contribuyente financiero; y en el \u00e1mbito de la <strong>Uni\u00f3n Europea<\/strong>, es el <strong>mayor contribuyente<\/strong> en misiones y operaciones en el extranjero, aportando el <strong>36%<\/strong> del personal desplegado en operaciones militares. Adem\u00e1s, pone de relieve que nuestras <strong>empresas de defensa<\/strong> son cada d\u00eda m\u00e1s <strong>tecnol\u00f3gicas<\/strong> y est\u00e1n m\u00e1s <strong>interconectadas<\/strong> con las empresas de su entorno.<\/p>\n\n\n\n<p>Contin\u00faa hablando sobre la <strong>Br\u00fajula Estrat\u00e9gica<\/strong>, y subrayando que es un documento hist\u00f3rico, ya que, por primera vez, los veintisiete Estados miembros plantean un <strong>an\u00e1lisis com\u00fan<\/strong> de la situaci\u00f3n global a la que nos enfrentamos. En este nuevo contexto, dice Mart\u00ed-Flux\u00e1, Europa necesita una defensa fuerte, lo que requiere <strong>capacidades operativas coordinadas<\/strong> y una <strong>industria competitiva innovadora<\/strong>.<\/p>\n\n\n\n<p>Por lo tanto, expone, los <strong>desaf\u00edos actuales<\/strong> afectan a tres niveles: <strong>nivel pol\u00edtico<\/strong>, centrado en la necesaria autonom\u00eda estrat\u00e9gica; <strong>nivel militar<\/strong>, en el que la racionalizaci\u00f3n de la demanda de sistemas es uno de los desaf\u00edos pendientes; y <strong>nivel industrial<\/strong>, en el cual se deben solventar algunas contradicciones internas que afectan a la capacidad de producci\u00f3n de nuestra industria.<\/p>\n\n\n\n<p>Centr\u00e1ndose en la situaci\u00f3n a nivel nacional, Mart\u00ed-Flux\u00e1 indica que <strong>nuestra industria<\/strong> tiene que posicionarse en funci\u00f3n de nuestras capacidades y nuestros intereses, y para ello, debemos pararnos a pensar en su futuro de cara a la pr\u00f3xima d\u00e9cada, y hacer una necesaria <strong>reestructuraci\u00f3n del sector<\/strong>, logrando contribuir a reforzar el papel de Espa\u00f1a en una Europa que necesita fortalecerse.<\/p>\n\n\n\n<h3 class=\"wp-block-heading\"><strong><em><mark style=\"background-color:rgba(0, 0, 0, 0)\" class=\"has-inline-color has-luminous-vivid-orange-color\">La Estrategia para una Uni\u00f3n de la Seguridad<\/mark><\/em><\/strong><\/h3>\n\n\n\n<p>En la segunda mesa redonda, <strong><em>La Estrategia para una Uni\u00f3n de la Seguridad<\/em><\/strong><em>,<\/em>&nbsp;<strong>Diego L\u00f3pez Garrido<\/strong> comienza explicando que hay dos factores que en su opini\u00f3n dificultan una Uni\u00f3n europea de la defensa: los <strong>intereses nacionales<\/strong>, y el hecho que la Uni\u00f3n no se cre\u00f3 como un `hard power\u00b4, sino fundamentalmente como una <strong>organizaci\u00f3n econ\u00f3mica<\/strong>.<\/p>\n\n\n\n<p>Contin\u00faa explicando que, tras la invasi\u00f3n de Ucrania, la pol\u00edtica de defensa europea ha dado un giro, convirti\u00e9ndose en el <strong>continente que m\u00e1s ha aumentado su gasto en defensa<\/strong>: un 13%. Expone que, para construir una Europa de la defensa, es necesario iniciar algunos proyectos que a d\u00eda de hoy no existen, que consistir\u00edan en: una mayor <strong>integraci\u00f3n de los ej\u00e9rcitos<\/strong>; un <strong>Cuartel General europeo<\/strong>; <strong>capacidades<\/strong> militares europeas <strong>en todos los terrenos<\/strong> (aire, tierra, mar y comunicaciones); una suficiente <strong>industria y mercado de defensa<\/strong>; una <strong>proyecci\u00f3n org\u00e1nica<\/strong>; y, finalmente, lograr la deseada <strong>autonom\u00eda estrat\u00e9gica<\/strong>.<\/p>\n\n\n\n<p>F\u00e9lix Arteaga contin\u00faa esta segunda mesa explicando la <strong>pol\u00edtica p\u00fablica de la Uni\u00f3n Europea<\/strong>, que debe centrarse no solo en la <strong>seguridad exterior<\/strong>, sino tambi\u00e9n en la <strong>seguridad interior<\/strong>, en materias como la inmigraci\u00f3n, la lucha contra el terrorismo, la ciberseguridad o la seguridad econ\u00f3mica.<\/p>\n\n\n\n<p>Arteaga expone que existen `distintas seguridades\u00b4 y actores diversos, lo que ha llevado a la Uni\u00f3n a adoptar un <strong>enfoque comprehensivo<\/strong>, por el cual, ante una crisis, se abordan <strong>todas las dimensiones y todos los actores<\/strong>. Esto se traduce en pasar de la coordinaci\u00f3n a una gesti\u00f3n centrada en el <strong>enfoque integrado<\/strong>. Contin\u00faa explicando el que para \u00e9l es el factor que falta, tanto a nivel europeo como nacional, en el \u00e1mbito de la seguridad, y es la capacidad para supervisar e imponer que las <strong>acciones<\/strong> sean <strong>vinculantes<\/strong>; ya que, explica, salvo para las grandes potencias, resulta muy dif\u00edcil imponerse y coordinar a los actores intermedios.<\/p>\n\n\n\n<p>El <strong>CN Francisco Ruiz Gonz\u00e1lez<\/strong> participa por \u00faltimo lugar en esta segunda mesa, centr\u00e1ndose en la <strong>pol\u00edtica com\u00fan de seguridad y defensa<\/strong> de la Uni\u00f3n Europea. Explica que, actualmente, <strong>Espa\u00f1a e Italia<\/strong> son los <strong>principales contribuyentes<\/strong> a operaciones y misiones de la Uni\u00f3n, al mismo tiempo que <strong>Francia y Alemania<\/strong> han <strong>disminuido<\/strong> sus aportaciones dram\u00e1ticamente, no llegando al 5% ninguno de los dos.<\/p>\n\n\n\n<p>Con respecto a la <strong>relaci\u00f3n entre la Uni\u00f3n Europea y la OTAN<\/strong>, Ruiz Gonz\u00e1lez incide en que no tiene por qu\u00e9 haber una contraposici\u00f3n, sino que debe haber <strong>coherencia de iniciativas<\/strong> y <strong>complementaci\u00f3n de esfuerzos<\/strong>, sin que eso suponga una clara divisi\u00f3n de labores; ya que, una OTAN m\u00e1s fuerte contribuye a una Uni\u00f3n Europea m\u00e1s fuerte, y a la inversa. Francisco Ruiz contin\u00faa resaltando los logros de la <strong>Presidencia espa\u00f1ola del Consejo de la Uni\u00f3n Europea<\/strong>, como la mejora de la <strong>capacidad de reacci\u00f3n r\u00e1pida<\/strong>, uno de los principales objetivos de la Br\u00fajula Estrat\u00e9gica; el perfeccionamiento de la <strong>Capacidad Militar de Planificaci\u00f3n y Ejecuci\u00f3n<\/strong> (MPCC); el avance en el \u00e1mbito de los <strong>gastos comunes<\/strong>; o el desarrollo de la relaci\u00f3n de <strong>colaboraci\u00f3n con Latinoam\u00e9rica<\/strong>.<\/p>\n\n\n\n<h3 class=\"wp-block-heading\"><em><strong><mark style=\"background-color:rgba(0, 0, 0, 0)\" class=\"has-inline-color has-luminous-vivid-orange-color\">Consideraciones finales<\/mark><\/strong><\/em><\/h3>\n\n\n\n<p><strong>Javier Rup\u00e9rez&nbsp;<\/strong>fue el encargado de clausurar el seminario, y desarroll\u00f3 su intervenci\u00f3n entorno a la premisa de si nos encontramos en <strong>el miedo o en la esperanza<\/strong>; resolviendo, en su opini\u00f3n, que nos encontramos en la esperanza, y, desde ese punto de vista, enumera algunas cuestiones relevantes.<\/p>\n\n\n\n<p>Rup\u00e9rez considera que debemos preguntarnos si la Uni\u00f3n Europea tiene una <strong>capacidad propia de defensa<\/strong>, y cree que es completamente crucial que exista un <strong>entendimiento coordinado<\/strong> entre <strong>Europa y<\/strong> <strong>Estados Unidos<\/strong>. Contin\u00faa explicando que el mundo occidental ha ido cobrado en los \u00faltimos ochenta a\u00f1os una consistencia que no ten\u00eda; pero al mismo tiempo, se deben considerar una serie de <strong>situaciones nuevas<\/strong> de gran relevancia: las acciones de <strong>Rusia<\/strong>, el futuro de <strong>China<\/strong>, el <strong>terrorismo isl\u00e1mico<\/strong> o la necesidad de <strong>colaboraci\u00f3n<\/strong> en <strong>sistemas de inteligencia <\/strong>y sistemas de <strong>defensa<\/strong>.<\/p>\n\n\n\n<p>A pesar de todo ello, opina que estamos anclados en la <strong>esperanza<\/strong>. La <strong>democracia<\/strong> ha cobrado un impulso considerable, y la <strong>evoluci\u00f3n econ\u00f3mica<\/strong> y la <strong>econom\u00eda social de mercado <\/strong>est\u00e1n a la orden del d\u00eda. No vivimos en un mundo perfecto, concluye, hay mucho que mejorar, pero hay que continuar <strong>reafirmando las convicciones<\/strong> de todos aquellos que han permitido que la gente sea m\u00e1s libre, m\u00e1s pr\u00f3spera, y con m\u00e1s respeto por su dignidad.<\/p>\n\n\n\n<p>Elena Ferro<\/p>\n","protected":false},"excerpt":{"rendered":"<p>En esta sesi\u00f3n, tuvimos la oportunidad de organizar dos mesas redondas. La primera, por t\u00edtulo&nbsp;La industria de defensa y la Br\u00fajula Estrat\u00e9gica: implicaciones para Espa\u00f1a, estuvo moderada por el&nbsp;Col. Jos\u00e9 [&hellip;]<\/p>\n","protected":false},"author":3,"featured_media":14826,"comment_status":"closed","ping_status":"closed","sticky":false,"template":"","format":"standard","meta":{"_acf_changed":false,"footnotes":""},"categories":[8],"tags":[],"class_list":["post-15719","post","type-post","status-publish","format-standard","has-post-thumbnail","hentry","category-conferencias-y-seminarios"],"acf":[],"_links":{"self":[{"href":"https:\/\/fundacionincipe.com\/index.php\/wp-json\/wp\/v2\/posts\/15719","targetHints":{"allow":["GET"]}}],"collection":[{"href":"https:\/\/fundacionincipe.com\/index.php\/wp-json\/wp\/v2\/posts"}],"about":[{"href":"https:\/\/fundacionincipe.com\/index.php\/wp-json\/wp\/v2\/types\/post"}],"author":[{"embeddable":true,"href":"https:\/\/fundacionincipe.com\/index.php\/wp-json\/wp\/v2\/users\/3"}],"replies":[{"embeddable":true,"href":"https:\/\/fundacionincipe.com\/index.php\/wp-json\/wp\/v2\/comments?post=15719"}],"version-history":[{"count":10,"href":"https:\/\/fundacionincipe.com\/index.php\/wp-json\/wp\/v2\/posts\/15719\/revisions"}],"predecessor-version":[{"id":19490,"href":"https:\/\/fundacionincipe.com\/index.php\/wp-json\/wp\/v2\/posts\/15719\/revisions\/19490"}],"wp:featuredmedia":[{"embeddable":true,"href":"https:\/\/fundacionincipe.com\/index.php\/wp-json\/wp\/v2\/media\/14826"}],"wp:attachment":[{"href":"https:\/\/fundacionincipe.com\/index.php\/wp-json\/wp\/v2\/media?parent=15719"}],"wp:term":[{"taxonomy":"category","embeddable":true,"href":"https:\/\/fundacionincipe.com\/index.php\/wp-json\/wp\/v2\/categories?post=15719"},{"taxonomy":"post_tag","embeddable":true,"href":"https:\/\/fundacionincipe.com\/index.php\/wp-json\/wp\/v2\/tags?post=15719"}],"curies":[{"name":"wp","href":"https:\/\/api.w.org\/{rel}","templated":true}]}}