{"id":15668,"date":"2024-02-01T11:44:30","date_gmt":"2024-02-01T11:44:30","guid":{"rendered":"https:\/\/fundacionincipe.com\/?p=15668"},"modified":"2024-10-10T12:14:09","modified_gmt":"2024-10-10T12:14:09","slug":"cop-28-la-verbalizacion-de-un-compromiso-insuficiente","status":"publish","type":"post","link":"https:\/\/fundacionincipe.com\/index.php\/2024\/02\/01\/cop-28-la-verbalizacion-de-un-compromiso-insuficiente\/","title":{"rendered":"COP 28: la verbalizaci\u00f3n de un compromiso insuficiente"},"content":{"rendered":"\n<p>Fernando Ferrando comenz\u00f3 su intervenci\u00f3n destacando que en este momento ya hemos&nbsp;<strong>sobrepasado seis de los nueve l\u00edmites<\/strong>&nbsp;marcados por la Universidad de Estocolmo para el mantenimiento de la salud de la tierra. Contin\u00faa destacando que, a nivel mundial, en&nbsp;<strong>siete meses consumimos<\/strong>&nbsp;<strong>los recursos naturales de un a\u00f1o<\/strong>&nbsp;entero, y, en el caso de&nbsp;<strong>Espa\u00f1a<\/strong>, consumimos&nbsp;<strong>2\u20194 veces por encima<\/strong>&nbsp;de nuestras posibilidades.<\/p>\n\n\n\n<p>Desde los a\u00f1os 50 y el desarrollo de la fase industrial, el&nbsp;<strong>aceleramiento<\/strong>&nbsp;en la&nbsp;<strong>demanda de energ\u00eda<\/strong>&nbsp;se ha&nbsp;<strong>multiplicado por ocho<\/strong>, por lo que tenemos un grave problema de aumento de consumo energ\u00e9tico, destaca Ferrando. El consumo de energ\u00eda&nbsp;<strong>en 20 a\u00f1os<\/strong>&nbsp;se ha incrementado en&nbsp;<strong>2.100 kWh<\/strong>&nbsp;<strong>per c\u00e1pita<\/strong>, multiplicado por 1.700 millones de personas m\u00e1s que en el a\u00f1o 2000 a nivel global, un consumo que, adem\u00e1s, se basa en el uso de&nbsp;<strong>combustibles f\u00f3siles<\/strong>.<\/p>\n\n\n\n<p>Ferrando contin\u00faa se\u00f1alando que, en la&nbsp;<strong>Uni\u00f3n Europea<\/strong>, se ha ido incrementando gravemente el&nbsp;<strong>coste&nbsp;<\/strong>de las&nbsp;<strong>p\u00e9rdidas<\/strong>&nbsp;econ\u00f3micas por&nbsp;<strong>fen\u00f3menos extremos<\/strong>&nbsp;en los \u00faltimos seis a\u00f1os; unas p\u00e9rdidas que, trasladadas a&nbsp;<strong>pa\u00edses en v\u00edas de desarrollo<\/strong>, son incluso mayores.<\/p>\n\n\n\n<p>Con respecto a la&nbsp;<strong>verbalizaci\u00f3n de los reconocimientos de la pasada COP 28<\/strong>, recuerda que el&nbsp;<strong>acuerdo al que se lleg\u00f3 no es vinculante<\/strong>&nbsp;para los pa\u00edses. Adem\u00e1s, en relaci\u00f3n con los&nbsp;<strong>objetivos<\/strong>&nbsp;acordados, destaca que se lleg\u00f3 al compromiso de&nbsp;<strong>triplicar la capacidad mundial renovable<\/strong>, pero sin mencionar la necesidad de la&nbsp;<strong>electrificaci\u00f3n de la demanda<\/strong>&nbsp;para sustituir a los combustibles f\u00f3siles; tambi\u00e9n se\u00f1ala que se acord\u00f3 acelerar los esfuerzos para&nbsp;<strong>reducir<\/strong>&nbsp;la producci\u00f3n de&nbsp;<strong>energ\u00eda con carb\u00f3n<\/strong>, pero&nbsp;<strong>sin medidas concretas<\/strong>; y que se pact\u00f3&nbsp;<strong>transicionar<\/strong>,&nbsp;<strong>en lugar de erradicar<\/strong>, para dejar atr\u00e1s el petr\u00f3leo, el gas y el carb\u00f3n.<\/p>\n\n\n\n<p>En cuanto a los reconocimientos de la&nbsp;<strong>COP 28 a nivel de medios y apoyos econ\u00f3micos<\/strong>, destaca la creaci\u00f3n de un&nbsp;<strong>fondo de p\u00e9rdidas y da\u00f1os<\/strong>, que ser\u00e1&nbsp;<strong>gestionado por el Banco Mundial<\/strong>, y que, considera Ferrando, cuenta con un&nbsp;<strong>compromiso<\/strong>&nbsp;<strong>bastante reducido<\/strong>, teniendo en cuenta que las necesidades son de 400mil millones, y que se est\u00e1 dotando al fondo de 792 millones.<\/p>\n\n\n\n<p>Con respecto a las posibles&nbsp;<strong>soluciones<\/strong>, Ferrando recalca que el&nbsp;<strong>crecimiento poblacional y econ\u00f3mico<\/strong>&nbsp;va a continuar incrementando el consumo de energ\u00eda y de materiales, y que el modelo de crecimiento basado \u00fanicamente en el&nbsp;<strong>desarrollo<\/strong>&nbsp;de la&nbsp;<strong>tecnolog\u00eda no es suficiente<\/strong>, por lo que habr\u00eda que plantearse si es necesario&nbsp;<strong>cambiar<\/strong>&nbsp;el&nbsp;<strong>modelo de producci\u00f3n y de consumo<\/strong>.<\/p>\n\n\n\n<p>En el \u00faltimo bloque de la sesi\u00f3n tuvo lugar un debate, en el que los participantes formularon algunas preguntas sobre temas como la insuficiencia del denominado&nbsp;<strong><em>Loss and Damage Fund<\/em><\/strong>, creado a propuesta de la pasada COP 27; sobre los diferentes m\u00e9todos de&nbsp;<strong>reducci\u00f3n de emisiones<\/strong>; as\u00ed como sobre las posibilidades de&nbsp;<strong>producci\u00f3n<\/strong>&nbsp;de&nbsp;<strong>energ\u00edas renovables<\/strong>.<\/p>\n\n\n\n<p>Se discuti\u00f3 tambi\u00e9n acerca de\u00a0<strong>China<\/strong>\u00a0<strong>y su modelo de<\/strong>\u00a0<strong>consumo de energ\u00eda<\/strong>, sobre la necesidad de\u00a0<strong>decrecer<\/strong>\u00a0en aquellas\u00a0<strong>actividades<\/strong>\u00a0que\u00a0<strong>no<\/strong>\u00a0son\u00a0<strong>sostenibles<\/strong>, y sobre la posibilidad del uso de\u00a0<strong>energ\u00eda nuclear<\/strong>. Adem\u00e1s, se habl\u00f3 sobre la relaci\u00f3n entre\u00a0<strong>calentamiento global<\/strong>\u00a0y\u00a0<strong>fen\u00f3menos extremos<\/strong>, sobre la posici\u00f3n de la\u00a0<strong>opini\u00f3n p\u00fablica\u00a0<\/strong>con respecto al\u00a0<strong>cambio clim\u00e1tico<\/strong>, y sobre la futura\u00a0<strong>COP29<\/strong>.<\/p>\n\n\n\n<p>Elena Ferro<\/p>\n\n\n\n<h6 class=\"wp-block-heading\"><\/h6>\n","protected":false},"excerpt":{"rendered":"<p>Fernando Ferrando comenz\u00f3 su intervenci\u00f3n destacando que en este momento ya hemos&nbsp;sobrepasado seis de los nueve l\u00edmites&nbsp;marcados por la Universidad de Estocolmo para el mantenimiento de la salud de la [&hellip;]<\/p>\n","protected":false},"author":3,"featured_media":15672,"comment_status":"closed","ping_status":"closed","sticky":false,"template":"","format":"standard","meta":{"_acf_changed":false,"footnotes":""},"categories":[8],"tags":[],"class_list":["post-15668","post","type-post","status-publish","format-standard","has-post-thumbnail","hentry","category-conferencias-y-seminarios"],"acf":[],"_links":{"self":[{"href":"https:\/\/fundacionincipe.com\/index.php\/wp-json\/wp\/v2\/posts\/15668","targetHints":{"allow":["GET"]}}],"collection":[{"href":"https:\/\/fundacionincipe.com\/index.php\/wp-json\/wp\/v2\/posts"}],"about":[{"href":"https:\/\/fundacionincipe.com\/index.php\/wp-json\/wp\/v2\/types\/post"}],"author":[{"embeddable":true,"href":"https:\/\/fundacionincipe.com\/index.php\/wp-json\/wp\/v2\/users\/3"}],"replies":[{"embeddable":true,"href":"https:\/\/fundacionincipe.com\/index.php\/wp-json\/wp\/v2\/comments?post=15668"}],"version-history":[{"count":5,"href":"https:\/\/fundacionincipe.com\/index.php\/wp-json\/wp\/v2\/posts\/15668\/revisions"}],"predecessor-version":[{"id":17467,"href":"https:\/\/fundacionincipe.com\/index.php\/wp-json\/wp\/v2\/posts\/15668\/revisions\/17467"}],"wp:featuredmedia":[{"embeddable":true,"href":"https:\/\/fundacionincipe.com\/index.php\/wp-json\/wp\/v2\/media\/15672"}],"wp:attachment":[{"href":"https:\/\/fundacionincipe.com\/index.php\/wp-json\/wp\/v2\/media?parent=15668"}],"wp:term":[{"taxonomy":"category","embeddable":true,"href":"https:\/\/fundacionincipe.com\/index.php\/wp-json\/wp\/v2\/categories?post=15668"},{"taxonomy":"post_tag","embeddable":true,"href":"https:\/\/fundacionincipe.com\/index.php\/wp-json\/wp\/v2\/tags?post=15668"}],"curies":[{"name":"wp","href":"https:\/\/api.w.org\/{rel}","templated":true}]}}