{"id":14558,"date":"2023-09-25T08:17:00","date_gmt":"2023-09-25T08:17:00","guid":{"rendered":"https:\/\/fundacionincipe.com\/?p=14558"},"modified":"2024-10-10T12:39:05","modified_gmt":"2024-10-10T12:39:05","slug":"espana-y-el-africa-subsaharina","status":"publish","type":"post","link":"https:\/\/fundacionincipe.com\/index.php\/2023\/09\/25\/espana-y-el-africa-subsaharina\/","title":{"rendered":"Espa\u00f1a y el \u00c1frica Subsaharina"},"content":{"rendered":"\n<p>Alicia Rico comenz\u00f3 explicando que nos encontramos en un momento cr\u00edtico en el \u00c1frica subsahariana, pero que al mismo tiempo es una regi\u00f3n que&nbsp;<strong>est\u00e1 adquiriendo cada vez m\u00e1s importancia<\/strong>, tanto para nuestra pol\u00edtica exterior como en la escena global. A continuaci\u00f3n, quiso destacar que la regi\u00f3n se est\u00e1 viendo afectada por una serie de&nbsp;<strong>crisis<\/strong>&nbsp;como son la&nbsp;<strong>econ\u00f3mica<\/strong>, la&nbsp;<strong>clim\u00e1tica<\/strong>&nbsp;y la crisis&nbsp;<strong>de gobernanza<\/strong>; pero que al mismo tiempo nunca \u00c1frica en su conjunto ha tenido&nbsp;<strong>una voz m\u00e1s fuerte y m\u00e1s clara<\/strong>&nbsp;en la escena internacional. Destaca, adem\u00e1s, que el sur global en su conjunto pide una&nbsp;<strong>reforma<\/strong>&nbsp;del sistema de gobernanza mundial y de la&nbsp;<strong>arquitectura financiera internacional<\/strong>.<\/p>\n\n\n\n<p>El&nbsp;<strong><em>III Plan \u00c1frica<\/em><\/strong>, llevado a cabo por el Ministerio de Asuntos Exteriores, explica, supuso un cambio de paradigma, tambi\u00e9n en el conjunto de la Uni\u00f3n Europea, de dejar de considerar la regi\u00f3n del \u00c1frica subsahariana como una mera regi\u00f3n receptora de ayuda al desarrollo, y pasar a ver las grandes oportunidades que ofrece. Asimismo, la agenda del&nbsp;<strong><em>Pacto Verde Europeo<\/em><\/strong>&nbsp;destaca la importancia que cobra el continente cuando hablamos de minerales cr\u00edticos para las energ\u00edas renovables y para el desarrollo de la industria tecnol\u00f3gica.<\/p>\n\n\n\n<p>Para contribuir a que los esfuerzos de crecimiento econ\u00f3mico y desarrollo sostenible vayan en la buena direcci\u00f3n, Espa\u00f1a, destaca Alicia Rico, se ha marcado cuatro objetivos estrat\u00e9gicos en la regi\u00f3n:&nbsp;<strong>paz y seguridad<\/strong>,&nbsp;<strong>desarrollo sostenible<\/strong>&nbsp;junto con un crecimiento econ\u00f3mico estable,&nbsp;<strong>fortalecimiento institucional<\/strong>&nbsp;y&nbsp;<strong>movilidad ordenada<\/strong>&nbsp;y segura. Debido a ello, explica Rico, Espa\u00f1a ha contribuido en gran medida al&nbsp;<em><strong>Fondo<\/strong><\/em><strong>&nbsp;para los&nbsp;<em>Objetivos de Desarrollo Sostenible<\/em><\/strong>&nbsp;de Naciones Unidas<em>,&nbsp;<\/em>y al mismo tiempo est\u00e1 impulsando la reforma de los bancos internacionales de desarrollo y una mayor democratizaci\u00f3n de las instituciones financieras internacionales.<\/p>\n\n\n\n<p>\u00c1frica sufre una gran presi\u00f3n demogr\u00e1fica. Necesita una transformaci\u00f3n estructural de su econom\u00eda, por lo que debemos ayudar al continente a industrializarse. Para ello, Espa\u00f1a, en el marco de la&nbsp;<em><strong>Presidencia espa\u00f1ola<\/strong><\/em><strong>&nbsp;del&nbsp;<em>Consejo<\/em>&nbsp;de la Uni\u00f3n Europea<\/strong>, va a organizar una&nbsp;<strong>reuni\u00f3n&nbsp;<\/strong>de alto nivel con la&nbsp;<strong>Uni\u00f3n Africana<\/strong>&nbsp;sobre inversiones transformadoras centradas en la&nbsp;<strong>creaci\u00f3n de empleo<\/strong>.<\/p>\n\n\n\n<p>Adem\u00e1s, el Ministerio de Industria, Turismo y Comercio aprob\u00f3 la estrategia&nbsp;<strong><em>Horizonte \u00c1frica<\/em>&nbsp;<\/strong>con instrumentos financieros de apoyo a proyectos de empresas espa\u00f1olas en la regi\u00f3n. Otro instrumento que existe a nivel de la Uni\u00f3n Europea es el paquete de inversiones&nbsp;<strong><em>Global Gateway<\/em><\/strong>, que son clave para la transici\u00f3n energ\u00e9tica y la transformaci\u00f3n digital del \u00c1frica subsahariana.<\/p>\n\n\n\n<p>Por otra parte, en la \u00faltima d\u00e9cada el fen\u00f3meno del&nbsp;<strong>terrorismo<\/strong>&nbsp;<strong>se ha ido agravando y extendiendo en el continente<\/strong>. Esta situaci\u00f3n se est\u00e1 haciendo muy presente sobre todo en la regi\u00f3n del&nbsp;<strong>Sahel, donde los ataques han aumentado en un 500% desde 2015<\/strong>. Esto est\u00e1 detr\u00e1s, expone Rico, de la&nbsp;<strong>crisis de gobernanza<\/strong>&nbsp;que est\u00e1 desarroll\u00e1ndose en la regi\u00f3n, con ocho golpes de Estado desde el a\u00f1o 2020. Se debe fortalecer una verdadera gobernanza democr\u00e1tica y una gobernanza econ\u00f3mica fiable; y, destaca, uno de los grandes problemas en el \u00c1frica subsahariana es la falta de crecimiento inclusivo y de distribuci\u00f3n de la riqueza.<\/p>\n\n\n\n<p>&nbsp;Con respecto a la&nbsp;<strong>crisis clim\u00e1tica<\/strong>, Rico destaca la&nbsp;<strong>Cumbre Africana del Clima<\/strong>&nbsp;que se celebr\u00f3 en Nairobi este mes de septiembre, en la que se pudo ver c\u00f3mo por primera vez \u00c1frica quiere hablar con&nbsp;<strong>una sola voz<\/strong>&nbsp;en este \u00e1mbito. Rico recuerda adem\u00e1s que no podemos olvidar que necesitamos a los pa\u00edses africanos para nuestra propia agenda verde.<\/p>\n\n\n\n<p>Al final de la sesi\u00f3n tuvo lugar un debate, en el que los participantes formularon algunas preguntas sobre temas como la\u00a0<strong>s<\/strong><strong>alida ordenada de los soldados franceses de N\u00edger<\/strong>, y de c\u00f3mo Espa\u00f1a tiene un gran inter\u00e9s estrat\u00e9gico en la estabilizaci\u00f3n de esta zona. Se debati\u00f3 tambi\u00e9n sobre la\u00a0<strong>relaci\u00f3n<\/strong><strong>\u00a0entre p<\/strong><strong>obreza y emigraci\u00f3n<\/strong>, debido principalmente a la falta de oportunidades para los j\u00f3venes africanos, y sobre la necesidad de un enfoque global, que aborde las causas ra\u00edz. Adem\u00e1s, se habl\u00f3 sobre los\u00a0<strong>m<\/strong><strong>ercados africanos como oportunidad<\/strong>\u00a0y sobre de qu\u00e9 modo las empresas espa\u00f1olas lo est\u00e1n aprovechando.<\/p>\n\n\n\n<p>Elena Ferro<\/p>\n\n\n\n<h6 class=\"wp-block-heading\"><\/h6>\n","protected":false},"excerpt":{"rendered":"<p>El 25 de septiembre de 2023, INCIPE celebr\u00f3 el evento virtual titulado Espa\u00f1a y el \u00c1frica Subsahariana, con la participaci\u00f3n de Alicia Rico, directora general para \u00c1frica en el Ministerio de Asuntos Exteriores, Uni\u00f3n Europea y Cooperaci\u00f3n. El encuentro fue presentado por el embajador y secretario general del INCIPE, Manuel Alabart. Tras la ponencia, se inici\u00f3 una ronda de preguntas moderada por Vicente Garrido, director general del INCIPE.<\/p>\n","protected":false},"author":3,"featured_media":14562,"comment_status":"closed","ping_status":"closed","sticky":false,"template":"","format":"standard","meta":{"_acf_changed":false,"footnotes":""},"categories":[8],"tags":[],"class_list":["post-14558","post","type-post","status-publish","format-standard","has-post-thumbnail","hentry","category-conferencias-y-seminarios"],"acf":[],"_links":{"self":[{"href":"https:\/\/fundacionincipe.com\/index.php\/wp-json\/wp\/v2\/posts\/14558","targetHints":{"allow":["GET"]}}],"collection":[{"href":"https:\/\/fundacionincipe.com\/index.php\/wp-json\/wp\/v2\/posts"}],"about":[{"href":"https:\/\/fundacionincipe.com\/index.php\/wp-json\/wp\/v2\/types\/post"}],"author":[{"embeddable":true,"href":"https:\/\/fundacionincipe.com\/index.php\/wp-json\/wp\/v2\/users\/3"}],"replies":[{"embeddable":true,"href":"https:\/\/fundacionincipe.com\/index.php\/wp-json\/wp\/v2\/comments?post=14558"}],"version-history":[{"count":17,"href":"https:\/\/fundacionincipe.com\/index.php\/wp-json\/wp\/v2\/posts\/14558\/revisions"}],"predecessor-version":[{"id":17490,"href":"https:\/\/fundacionincipe.com\/index.php\/wp-json\/wp\/v2\/posts\/14558\/revisions\/17490"}],"wp:featuredmedia":[{"embeddable":true,"href":"https:\/\/fundacionincipe.com\/index.php\/wp-json\/wp\/v2\/media\/14562"}],"wp:attachment":[{"href":"https:\/\/fundacionincipe.com\/index.php\/wp-json\/wp\/v2\/media?parent=14558"}],"wp:term":[{"taxonomy":"category","embeddable":true,"href":"https:\/\/fundacionincipe.com\/index.php\/wp-json\/wp\/v2\/categories?post=14558"},{"taxonomy":"post_tag","embeddable":true,"href":"https:\/\/fundacionincipe.com\/index.php\/wp-json\/wp\/v2\/tags?post=14558"}],"curies":[{"name":"wp","href":"https:\/\/api.w.org\/{rel}","templated":true}]}}