{"id":14538,"date":"2023-06-26T15:22:11","date_gmt":"2023-06-26T15:22:11","guid":{"rendered":"https:\/\/fundacionincipe.com\/?p=14538"},"modified":"2025-02-26T10:08:19","modified_gmt":"2025-02-26T10:08:19","slug":"sudan-entre-la-esperanza-y-el-conflicto-2","status":"publish","type":"post","link":"https:\/\/fundacionincipe.com\/index.php\/2023\/06\/26\/sudan-entre-la-esperanza-y-el-conflicto-2\/","title":{"rendered":"Sud\u00e1n, entre la esperanza y el conflicto"},"content":{"rendered":"\n<p>Alberto Ucelay inici\u00f3 su intervenci\u00f3n explicando la situaci\u00f3n actual de Sud\u00e1n, destacando que ha sido un&nbsp;<strong>pa\u00eds de acogida de refugiados<\/strong>&nbsp;desde antes incluso del estallido de esta reciente crisis, y subrayando su&nbsp;<strong>trascendencia estrat\u00e9gica<\/strong>, debido a su posici\u00f3n entre el Sahel y el Cuerno de \u00c1frica. En segundo lugar, se\u00f1al\u00f3 las dos coordenadas sobre las que se desarrollar\u00eda su ponencia: la esperanza y el conflicto.<\/p>\n\n\n\n<p>Respecto a&nbsp;<strong>la esperanza<\/strong>, record\u00f3 que este \u00faltimo intento por traer la democracia, la libertad y el progreso al pa\u00eds, que comenz\u00f3 en el a\u00f1o 2019, ven\u00eda precedido de tres intentos m\u00e1s que se vieron frustrados por&nbsp;<strong>golpes militares<\/strong>&nbsp;en los a\u00f1os 1956, 1964 y 1985. Ucelay argument\u00f3 que Sud\u00e1n no tiene por qu\u00e9 estar condenado al fracaso una cuarta vez, y que la comunidad internacional tiene que ayudar a la consolidaci\u00f3n democr\u00e1tica en el pa\u00eds. A continuaci\u00f3n, destac\u00f3 las tres fases del conflicto actual, que en 2019 comenz\u00f3 con una revoluci\u00f3n encendida por una serie de&nbsp;<strong>manifestaciones<\/strong>, y que llev\u00f3 al l\u00edder del ej\u00e9rcito, el general Burhan, y a Hemedti, l\u00edder de las Fuerzas de Apoyo R\u00e1pido, a derrocar a Omar al-Bashir, dictador de Sud\u00e1n durante 30 a\u00f1os. Esta revoluci\u00f3n culmin\u00f3 en un&nbsp;<strong>acuerdo pol\u00edtico<\/strong>&nbsp;<strong>en julio de 2019<\/strong>, para el que mediaron la Uni\u00f3n Europea, Etiop\u00eda y las Naciones Unidas. A este acuerdo se le uni\u00f3 otro&nbsp;<strong>proceso de paz, en agosto de 2020<\/strong>, que trataba de cerrar los conflictos locales que hab\u00eda en el pa\u00eds desde hac\u00eda d\u00e9cadas. Y es en este momento, explica Ucelay, en el que&nbsp;<strong>se altera el acuerdo de 2019<\/strong>&nbsp;y empiezan a surgir los problemas para encontrar una senda democr\u00e1tica, y para&nbsp;<strong>pasar de la revoluci\u00f3n al cap\u00edtulo institucional<\/strong>.<\/p>\n\n\n\n<p>Aqu\u00ed entra en juego&nbsp;<strong>el conflicto<\/strong>. Este enfrentamiento se desarrolla entre dos polos; que son la figura militar, el general Burhan, jefe de las&nbsp;<strong>fuerzas armadas<\/strong>, y Hemedti, l\u00edder de las&nbsp;<strong>fuerzas paramilitares<\/strong>. Es un conflicto entre centro y periferia, entre los que siempre han tenido el poder y los dem\u00e1s, destaca Ucelay. Explica, adem\u00e1s, una serie de errores que se sucedieron, como son la falta de un marco para los partidos pol\u00edticos y la falta de un trascendental&nbsp;<strong>programa DDR de desarme, desmovilizaci\u00f3n y reintegraci\u00f3n<\/strong>. Asimismo, se\u00f1ala las tareas pendientes que quedan por hacer en el pa\u00eds, que son una&nbsp;<strong>reforma econ\u00f3mica<\/strong>, una reforma educativa y una reforma de los medios de comunicaci\u00f3n.<\/p>\n\n\n\n<p>Por \u00faltimo, Ucelay se\u00f1ala las lecciones aprendidas, que se centran en la necesidad de respetar los acuerdos fundamentales a los que se lleg\u00f3 al inicio del periodo de la transici\u00f3n, y no cambiarlos para adaptarse a las circunstancias; asegurar las libertades civiles y pol\u00edticas, y las&nbsp;<strong>garant\u00edas penales y procesales<\/strong>; y la necesidad de que el FMI y el Banco Mundial tengan instrumentos preparados para transiciones africanas en este \u00e1mbito, adem\u00e1s de que haya una implicaci\u00f3n real por parte de la Uni\u00f3n Africana y de la Liga \u00c1rabe.<\/p>\n\n\n\n<p>Respecto a los pasos a seguir en un futuro, se\u00f1ala la<strong>&nbsp;importancia de la mediaci\u00f3n&nbsp;<\/strong>de Estados Unidos y Arabia Saud\u00ed en un alto al fuego, de buscar el acuerdo pol\u00edtico, y de no olvidar que este proceso debe tener pilares sudaneses, pero con&nbsp;<strong>apoyo de la comunidad internacional<\/strong>.<\/p>\n\n\n\n<p>Al final de la sesi\u00f3n tuvo lugar un debate, en el que los participantes formularon algunas preguntas sobre temas como la&nbsp;<strong>desestabilizaci\u00f3n de la regi\u00f3n<\/strong>&nbsp;que puede suponer este conflicto, debido a lo cual la mediaci\u00f3n y la buena gesti\u00f3n de la crisis de refugiados deben tener un papel clave. Se habl\u00f3 sobre la posible independencia de Darfur y sobre las bandas&nbsp;<em>yanyauid<\/em>, se\u00f1alando la importancia de evitar la polarizaci\u00f3n y conseguir integrar a todas las regiones del pa\u00eds. Se debati\u00f3, adem\u00e1s, acerca del papel de Espa\u00f1a y sobre c\u00f3mo se debe evitar que un&nbsp;<strong>conflicto que a\u00fan es militar-paramilitar<\/strong>&nbsp;se convierta en civil. Y por \u00faltimo, se mencion\u00f3 c\u00f3mo se debe rechazar y evitar la desestabilizaci\u00f3n que supone la presencia de milicias como el Grupo Wagner.<\/p>\n\n\n\n<p>Elena Ferro<\/p>\n","protected":false},"excerpt":{"rendered":"<p>Alberto Ucelay inici\u00f3 su intervenci\u00f3n explicando la situaci\u00f3n actual de Sud\u00e1n, destacando que ha sido un&nbsp;pa\u00eds de acogida de refugiados&nbsp;desde antes incluso del estallido de esta reciente crisis, y subrayando [&hellip;]<\/p>\n","protected":false},"author":3,"featured_media":14258,"comment_status":"open","ping_status":"closed","sticky":false,"template":"","format":"standard","meta":{"_acf_changed":false,"footnotes":""},"categories":[8],"tags":[],"class_list":["post-14538","post","type-post","status-publish","format-standard","has-post-thumbnail","hentry","category-conferencias-y-seminarios"],"acf":[],"_links":{"self":[{"href":"https:\/\/fundacionincipe.com\/index.php\/wp-json\/wp\/v2\/posts\/14538","targetHints":{"allow":["GET"]}}],"collection":[{"href":"https:\/\/fundacionincipe.com\/index.php\/wp-json\/wp\/v2\/posts"}],"about":[{"href":"https:\/\/fundacionincipe.com\/index.php\/wp-json\/wp\/v2\/types\/post"}],"author":[{"embeddable":true,"href":"https:\/\/fundacionincipe.com\/index.php\/wp-json\/wp\/v2\/users\/3"}],"replies":[{"embeddable":true,"href":"https:\/\/fundacionincipe.com\/index.php\/wp-json\/wp\/v2\/comments?post=14538"}],"version-history":[{"count":6,"href":"https:\/\/fundacionincipe.com\/index.php\/wp-json\/wp\/v2\/posts\/14538\/revisions"}],"predecessor-version":[{"id":20796,"href":"https:\/\/fundacionincipe.com\/index.php\/wp-json\/wp\/v2\/posts\/14538\/revisions\/20796"}],"wp:featuredmedia":[{"embeddable":true,"href":"https:\/\/fundacionincipe.com\/index.php\/wp-json\/wp\/v2\/media\/14258"}],"wp:attachment":[{"href":"https:\/\/fundacionincipe.com\/index.php\/wp-json\/wp\/v2\/media?parent=14538"}],"wp:term":[{"taxonomy":"category","embeddable":true,"href":"https:\/\/fundacionincipe.com\/index.php\/wp-json\/wp\/v2\/categories?post=14538"},{"taxonomy":"post_tag","embeddable":true,"href":"https:\/\/fundacionincipe.com\/index.php\/wp-json\/wp\/v2\/tags?post=14538"}],"curies":[{"name":"wp","href":"https:\/\/api.w.org\/{rel}","templated":true}]}}