{"id":14216,"date":"2021-06-23T18:47:00","date_gmt":"2021-06-23T18:47:00","guid":{"rendered":"https:\/\/fundacionincipe.com\/?p=14216"},"modified":"2024-10-18T11:25:22","modified_gmt":"2024-10-18T11:25:22","slug":"rusia-en-el-mundo-de-hoy-2","status":"publish","type":"post","link":"https:\/\/fundacionincipe.com\/index.php\/2021\/06\/23\/rusia-en-el-mundo-de-hoy-2\/","title":{"rendered":"Rusia en el mundo de hoy"},"content":{"rendered":"\n<p>Igor Ivanov comienza su intervenci\u00f3n estableciendo tres etapas que van a marcar la Pol\u00edtica Exterior rusa desde el desmembramiento de la URSS. Cuando, al comienzo de la d\u00e9cada de los a\u00f1os 90, la URSS colapsa, la Federaci\u00f3n Rusa tiene la tarea de construir su Pol\u00edtica Exterior en un contexto en el que tal y como recuerda el ministro Ivanov, \u201cel peligro ya no era el desmembramiento de la URSS sino la desintegraci\u00f3n de la Federaci\u00f3n Rusa\u201d.<\/p>\n\n\n\n<p>Estos problemas derivaban, en su vertiente interna, del colapso simultaneo de las estructuras pol\u00edticas, econ\u00f3micas y sociales de la Uni\u00f3n sovi\u00e9tica y, en su proyecci\u00f3n exterior, de la necesidad de transformar todas las relaciones diplom\u00e1ticas del pa\u00eds, que hasta ese momento respond\u00edan m\u00e1s a los intereses y necesidades del partido comunista que a los del Estado. Ivanov a\u00f1ade en este punto su perspectiva, como embajador Ruso en Espa\u00f1a entre 1991 y 1995, y recuerda la gran incertidumbre a la hora de marcar una estrategia a medio plazo para la Pol\u00edtica Exterior rusa \u201cno sab\u00edamos que Rusia iba a salir de esta crisis. En los 90 la pol\u00edtica rusa comenzaba&nbsp; a buscar su sitio en el mundo, por lo que, en ocasiones, no era una pol\u00edtica muy clara\u201d.<\/p>\n\n\n\n<p>A partir de finales de los 90, el rumbo de la Pol\u00edtica Exterior comenzaba&nbsp; a estar marcado por unos objetivos m\u00e1s claros, en torno a la necesidad de crear un entorno favorable para la reconstrucci\u00f3n del pa\u00eds, ajeno a los objetivos e intereses de la URSS y de posicionar a Rusia en el contexto internacional.<\/p>\n\n\n\n<p>Esta etapa estuvo marcado por un dialogo fluido con los principales actores en el contexto internacional. Se celebraban cumbres anuales entre Rusia y Estados Unidos, se fij\u00f3 la estrategia de desarrollo de las relaciones entre Rusia y la UE en torno a cuatro estaciones comunes: comercio, seguridad, educaci\u00f3n y tecnolog\u00eda, que sent\u00f3 las bases jur\u00eddicas para la creaci\u00f3n de un tejido de cooperaci\u00f3n estrat\u00e9gica ventajoso para ambos, y se intent\u00f3 un acercamiento entre Rusia y la OTAN. En este sentido, Igor Ivanov considera que&nbsp;<strong>Rusia mostr\u00f3 predisposici\u00f3n para acercar posturas, pese al estar en contra de la ampliaci\u00f3n de la OTAN<\/strong>, pero que no se observ\u00f3 reciprocidad en este sentido por parte de los socios occidentales como Estados Unidos.<\/p>\n\n\n\n<p>Esto nos lleva a la etapa en la que nos encontramos actualmente, marcada por un distanciamiento y una gran dificultad de entendimiento entre Rusia y Occidente. Sin embargo, la valoraci\u00f3n que ofrece Igor Ivanov del encuentro entre los Presidentes Putin y Biden en Ginebra es muy positiva. Considera que la aprobaci\u00f3n de una declaraci\u00f3n conjunta entre ambos pa\u00edses, por muy breve que sea, denota una gran predisposici\u00f3n y madurez pol\u00edtica, al dejar a un lado sus diferencias y dar el primer paso hacia el establecimiento de unas relaciones bilaterales predecibles y basadas en el dialogo.<\/p>\n\n\n\n<p>Para finalizar su intervenci\u00f3n, y en cuanto a las relaciones entre Rusia y Europa, Ivanov recuerda que \u201ceste es un momento crucial para nuestras relaciones y tenemos que trabajar para volver a encontrar esos objetivos comunes, porque tenemos mucho en com\u00fan y es en esto en lo que tenemos que centrarnos\u201d. Para ello, considera prioritario, de cara a formalizar unas relaciones estables en torno a objetivos comunes claros con la UE, la creaci\u00f3n de una Estrategia como la que ya exist\u00eda, antes de que, en palabras del Ministro \u201cpor diferentes razones, ambos comenzasen a perder objetivos comunes a largo plazo\u201d, y que habr\u00eda evitado o resuelto crisis como la de Ucrania.<\/p>\n\n\n\n<p>Sof\u00eda Alfayate<\/p>\n","protected":false},"excerpt":{"rendered":"<p>El 23 de junio, INCIPE, celebr\u00f3 la cuarta sesi\u00f3n del Ciclo Grandes Potencias  dedicado a Rusia, organizado en colaboraci\u00f3n con la Fundaci\u00f3n Consejo Espa\u00f1a-Rusia. <\/p>\n","protected":false},"author":3,"featured_media":14217,"comment_status":"open","ping_status":"closed","sticky":false,"template":"","format":"standard","meta":{"_acf_changed":false,"footnotes":""},"categories":[8],"tags":[],"class_list":["post-14216","post","type-post","status-publish","format-standard","has-post-thumbnail","hentry","category-conferencias-y-seminarios"],"acf":[],"_links":{"self":[{"href":"https:\/\/fundacionincipe.com\/index.php\/wp-json\/wp\/v2\/posts\/14216","targetHints":{"allow":["GET"]}}],"collection":[{"href":"https:\/\/fundacionincipe.com\/index.php\/wp-json\/wp\/v2\/posts"}],"about":[{"href":"https:\/\/fundacionincipe.com\/index.php\/wp-json\/wp\/v2\/types\/post"}],"author":[{"embeddable":true,"href":"https:\/\/fundacionincipe.com\/index.php\/wp-json\/wp\/v2\/users\/3"}],"replies":[{"embeddable":true,"href":"https:\/\/fundacionincipe.com\/index.php\/wp-json\/wp\/v2\/comments?post=14216"}],"version-history":[{"count":5,"href":"https:\/\/fundacionincipe.com\/index.php\/wp-json\/wp\/v2\/posts\/14216\/revisions"}],"predecessor-version":[{"id":17784,"href":"https:\/\/fundacionincipe.com\/index.php\/wp-json\/wp\/v2\/posts\/14216\/revisions\/17784"}],"wp:featuredmedia":[{"embeddable":true,"href":"https:\/\/fundacionincipe.com\/index.php\/wp-json\/wp\/v2\/media\/14217"}],"wp:attachment":[{"href":"https:\/\/fundacionincipe.com\/index.php\/wp-json\/wp\/v2\/media?parent=14216"}],"wp:term":[{"taxonomy":"category","embeddable":true,"href":"https:\/\/fundacionincipe.com\/index.php\/wp-json\/wp\/v2\/categories?post=14216"},{"taxonomy":"post_tag","embeddable":true,"href":"https:\/\/fundacionincipe.com\/index.php\/wp-json\/wp\/v2\/tags?post=14216"}],"curies":[{"name":"wp","href":"https:\/\/api.w.org\/{rel}","templated":true}]}}