{"id":14202,"date":"2021-06-10T18:31:23","date_gmt":"2021-06-10T18:31:23","guid":{"rendered":"https:\/\/fundacionincipe.com\/?p=14202"},"modified":"2024-10-18T11:29:05","modified_gmt":"2024-10-18T11:29:05","slug":"el-aislamiento-de-rusia-en-europa-2","status":"publish","type":"post","link":"https:\/\/fundacionincipe.com\/index.php\/2021\/06\/10\/el-aislamiento-de-rusia-en-europa-2\/","title":{"rendered":"El aislamiento de Rusia en Europa"},"content":{"rendered":"\n<p>Carmen Claud\u00edn comienza su intervenci\u00f3n analizando la relaci\u00f3n entre Rusia y los pa\u00edses europeos que, durante la Guerra Fr\u00eda, formaban parte del \u00e1rea de influencia sovi\u00e9tica. Pa\u00edses como Bielorrusia, Moldavia, Georgia, Ucrania, Armenia o Azerbaiy\u00e1n, que enfrentan problemas internos o regionales en los que Rusia tiene un papel protagonista.<\/p>\n\n\n\n<p>Para Carmen Claud\u00edn, \u201cel problema para todos estos Estados independientes es que conforman la franja de territorio europeo considerada por Rusia como su cintur\u00f3n de seguridad frente a occidente en general y frente a la Uni\u00f3n Europea en particular\u201d Mosc\u00fa justifica la necesidad de esa franja de seguridad en la expansi\u00f3n hacia el este de la Uni\u00f3n Europea y la OTAN, y, por ende, en que occidente no tiene en cuenta sus intereses de seguridad. De esta forma, el Kremlin considera, en palabras de la ponente, \u201cque el acercamiento entre estos pa\u00edses y la Uni\u00f3n Europea no forman parte de la voluntad soberana de dichos Estados, sino el resultado de las maniobras de occidente para llevarlas a su redil y fragilizar a Rusia\u201d.<\/p>\n\n\n\n<p>Tal y como explica la ponente, Rusia legitima la intervenci\u00f3n en los pa\u00edses europeos&nbsp;<em>sovi\u00e9ticos&nbsp;<\/em>en la promesa de proteger y defender los intereses y derechos de las minor\u00edas rusofonas en la regi\u00f3n, lo que, puesto en perspectiva con la expedici\u00f3n masiva de pasaportes rusos desde 2002, ha desembocado en lo que los expertos llaman la \u2018pasaportizaci\u00f3n\u2019 de la pol\u00edtica rusa a trav\u00e9s de la \u201ccreaci\u00f3n de nuevos ciudadanos a los que proteger\u201d.<\/p>\n\n\n\n<p>Tambi\u00e9n apunta como, desde que Putin volvi\u00f3 a la presidencia en 2012, ha desarrollado en torno a los pa\u00edses europeos postsovi\u00e9ticos una pol\u00edtica basada en recompensas y castigos, de tal forma que si estos \u201cse portaban bien\u201d y no cuestionaban el&nbsp;<em>Statu Quo<\/em>&nbsp;favorable a Rusia recib\u00edan del Kremlin el derecho a desarrollar una pol\u00edtica interior con cierta autonom\u00eda. Sin embargo, pa\u00edses como Georgia, Moldavia o Ucrania, que han firmado acuerdos de colaboraci\u00f3n con la Uni\u00f3n Europea, lo han pagado con bloqueo comercial y energ\u00e9tico, entre otros.<\/p>\n\n\n\n<p>Asimismo, recuerda Claud\u00edn, en l\u00ednea con lo anterior como la popularidad&nbsp;<strong>Uni\u00f3n Econ\u00f3mica Euroasi\u00e1tica<\/strong>, el proyecto Faro de Putin, es minoritaria \u2013un 29%- comparada con la aceptaci\u00f3n de la Uni\u00f3n Europea \u2013que registra un 60%- o la ONU y la OTAN, que cuentan con un 485 y un 42% respectivamente.<\/p>\n\n\n\n<p>En cuanto a las relaciones entre Rusia y la Uni\u00f3n Europea, Carmen Claud\u00edn puntualiza como las pol\u00edticas desarrolladas por la Uni\u00f3n Europea durante las dos \u00faltimas d\u00e9cadas, orientadas a establecer relaciones pac\u00edficas y cooperaci\u00f3n con Rusia, ha condicionado a los pa\u00edses europeos del espacio postsovi\u00e9tico. Esto se debe, seg\u00fan la ponente a que \u201cA la hora de dise\u00f1ar esa pol\u00edtica, Bruselas y algunos Estados miembros, siempre han tenido en cuenta el factor no molestar a Rusia\u201d.<\/p>\n\n\n\n<p>Sin embargo, tal y como concluye la analista, \u201cla experiencia demuestra que este empe\u00f1o no solo ha llevado a un impase las relaciones entre la Uni\u00f3n Europea y Rusia, sino que, adem\u00e1s deja muy expuestos a los pa\u00edses de una vecindad supuestamente compartida con el resto de Europa\u201d, responsabilizando al Kremlin del aislamiento de Rusia en Europa y recordando la responsabilidad de los Estados miembros con los intereses y los derechos de los pa\u00edses pertenecientes a esa franja de seguridad rusa.<\/p>\n\n\n\n<p>Sof\u00eda Alfayate<\/p>\n","protected":false},"excerpt":{"rendered":"<p>El 10 de junio, INCIPE celebr\u00f3 el segundo encuentro dentro de la tercera edici\u00f3n del monogr\u00e1fico Grandes Potencias, dedicado a Rusia. <\/p>\n","protected":false},"author":3,"featured_media":14203,"comment_status":"closed","ping_status":"closed","sticky":false,"template":"","format":"standard","meta":{"_acf_changed":false,"footnotes":""},"categories":[8],"tags":[],"class_list":["post-14202","post","type-post","status-publish","format-standard","has-post-thumbnail","hentry","category-conferencias-y-seminarios"],"acf":[],"_links":{"self":[{"href":"https:\/\/fundacionincipe.com\/index.php\/wp-json\/wp\/v2\/posts\/14202","targetHints":{"allow":["GET"]}}],"collection":[{"href":"https:\/\/fundacionincipe.com\/index.php\/wp-json\/wp\/v2\/posts"}],"about":[{"href":"https:\/\/fundacionincipe.com\/index.php\/wp-json\/wp\/v2\/types\/post"}],"author":[{"embeddable":true,"href":"https:\/\/fundacionincipe.com\/index.php\/wp-json\/wp\/v2\/users\/3"}],"replies":[{"embeddable":true,"href":"https:\/\/fundacionincipe.com\/index.php\/wp-json\/wp\/v2\/comments?post=14202"}],"version-history":[{"count":5,"href":"https:\/\/fundacionincipe.com\/index.php\/wp-json\/wp\/v2\/posts\/14202\/revisions"}],"predecessor-version":[{"id":17789,"href":"https:\/\/fundacionincipe.com\/index.php\/wp-json\/wp\/v2\/posts\/14202\/revisions\/17789"}],"wp:featuredmedia":[{"embeddable":true,"href":"https:\/\/fundacionincipe.com\/index.php\/wp-json\/wp\/v2\/media\/14203"}],"wp:attachment":[{"href":"https:\/\/fundacionincipe.com\/index.php\/wp-json\/wp\/v2\/media?parent=14202"}],"wp:term":[{"taxonomy":"category","embeddable":true,"href":"https:\/\/fundacionincipe.com\/index.php\/wp-json\/wp\/v2\/categories?post=14202"},{"taxonomy":"post_tag","embeddable":true,"href":"https:\/\/fundacionincipe.com\/index.php\/wp-json\/wp\/v2\/tags?post=14202"}],"curies":[{"name":"wp","href":"https:\/\/api.w.org\/{rel}","templated":true}]}}