{"id":14195,"date":"2021-07-13T18:20:18","date_gmt":"2021-07-13T18:20:18","guid":{"rendered":"https:\/\/fundacionincipe.com\/?p=14195"},"modified":"2024-10-18T11:21:56","modified_gmt":"2024-10-18T11:21:56","slug":"la-presidencia-eslovena-del-consejo-de-la-union-europea","status":"publish","type":"post","link":"https:\/\/fundacionincipe.com\/index.php\/2021\/07\/13\/la-presidencia-eslovena-del-consejo-de-la-union-europea\/","title":{"rendered":"La presidencia eslovena del Consejo de la Uni\u00f3n Europea"},"content":{"rendered":"\n<p>Esta es, tal y como recalca el embajador Krmelj, la segunda presidencia rotatoria de Eslovenia en el Consejo de la Uni\u00f3n Europea. La primera fue en 2008, menos de cuatro a\u00f1os despu\u00e9s de haberse adherido a la UE, lo que supuso una oportunidad especial para dar visibilidad y reconocimiento internacional al pa\u00eds, pero tambi\u00e9n un desaf\u00edo.<\/p>\n\n\n\n<p>El pa\u00eds llega a su segunda presidencia en un contexto en el que se siguen sintiendo las consecuencias de la COVID-19. Por ello, el o<strong>bjetivo principal de la presidencia eslovena es fortalecer la resiliencia y la recuperaci\u00f3n de la UE<\/strong>&nbsp;y a enfrentarse a los desaf\u00edos que se presentan actualmente en el \u00e1mbito sanitario, econ\u00f3mico, energ\u00e9tico clim\u00e1tico y cibern\u00e9tico, pero tambi\u00e9n ante nuevas crisis en el futuro. De esta forma,&nbsp;<strong>bajo el lema&nbsp;<em>Juntos. Resiliente. Europa<\/em><\/strong>&nbsp;Eslovenia va a dividir sus prioridades en cuatro \u00e1reas.<\/p>\n\n\n\n<p>La primera prioridad va a ser fortalecer la resiliencia de la UE, la recuperaci\u00f3n y el aumento de la autonom\u00eda estrat\u00e9gica, para que en el futuro sea capaz de responder de una manera m\u00e1s eficaz a situaciones de crisis, que por su naturaleza superan la capacidad de los Estados Miembros y requieren de una respuesta conjunta.<\/p>\n\n\n\n<p>La segunda ser\u00e1 abordar la<strong>&nbsp;Conferencia sobre el Futuro de Europ<\/strong>a, en la que, centr\u00e1ndose en los ciudadanos y sus puntos de vista, deber\u00e1 dar respuestas a c\u00f3mo hacer que Europa cumpla con los objetivos de resiliencia propuestos y en la que Eslovenia tendr\u00e1 el papel de coordinar y armonizar los puntos de vista de los estados miembros y representar a la UE en las estructuras de la conferencia.<\/p>\n\n\n\n<p>La tercera prioridad de la presidencia eslovena va a ser la<strong>&nbsp;promoci\u00f3n del estilo de vida europeo y el Estado de Derecho<\/strong>&nbsp;con el objetivo de fortalecer el Estado de derecho como un valor com\u00fan y promover la cultura de Estado de derecho en toda la Uni\u00f3n europea mediante un debate inclusivo. En este sentido, Eslovenia continuar\u00e1 con los compromisos que se refieren al estado de derecho, abordando el debate sobre el segundo informe anual sobre el estado de derecho, as\u00ed como debates previos con determinados estados miembros.<\/p>\n\n\n\n<p>Por \u00faltimo, la cuarta prioridad de la presidencia eslovena es que la&nbsp;<strong>Uni\u00f3n Europea sea cre\u00edble, segura y capaz de garantizar la seguridad y la estabilidad de su vecindad<\/strong>. Para ello, la pol\u00edtica exterior y de seguridad com\u00fan estar\u00e1 orientada a estrechar las relaciones trasatl\u00e1nticas, reforzar la pol\u00edtica de vecindad, con especial atenci\u00f3n a los Balcanes Occidentales, y en particular a una ampliaci\u00f3n del proceso de amplificaci\u00f3n de la UE para reafirmar la clara perspectiva de pertenencia de la regi\u00f3n a La Uni\u00f3n, manteniendo la prioridad de lograr el pleno funcionamiento del Espacio Schengen con el fin de gestionar eficazmente migraciones y avanzar en las negociaciones sobre el nuevo pacto sobre migraci\u00f3n y activo.<\/p>\n\n\n\n<p>Sof\u00eda Alfayate<\/p>\n","protected":false},"excerpt":{"rendered":"<p>El 13 de julio INCIPE cerr\u00f3 el primer semestre de 2021 con un evento titulado \u201cJuntos. Resiliente. Europa: la presidencia eslovena del Consejo de la UE\u201d. <\/p>\n","protected":false},"author":3,"featured_media":14198,"comment_status":"closed","ping_status":"closed","sticky":false,"template":"","format":"standard","meta":{"_acf_changed":false,"footnotes":""},"categories":[8],"tags":[],"class_list":["post-14195","post","type-post","status-publish","format-standard","has-post-thumbnail","hentry","category-conferencias-y-seminarios"],"acf":[],"_links":{"self":[{"href":"https:\/\/fundacionincipe.com\/index.php\/wp-json\/wp\/v2\/posts\/14195","targetHints":{"allow":["GET"]}}],"collection":[{"href":"https:\/\/fundacionincipe.com\/index.php\/wp-json\/wp\/v2\/posts"}],"about":[{"href":"https:\/\/fundacionincipe.com\/index.php\/wp-json\/wp\/v2\/types\/post"}],"author":[{"embeddable":true,"href":"https:\/\/fundacionincipe.com\/index.php\/wp-json\/wp\/v2\/users\/3"}],"replies":[{"embeddable":true,"href":"https:\/\/fundacionincipe.com\/index.php\/wp-json\/wp\/v2\/comments?post=14195"}],"version-history":[{"count":9,"href":"https:\/\/fundacionincipe.com\/index.php\/wp-json\/wp\/v2\/posts\/14195\/revisions"}],"predecessor-version":[{"id":17781,"href":"https:\/\/fundacionincipe.com\/index.php\/wp-json\/wp\/v2\/posts\/14195\/revisions\/17781"}],"wp:featuredmedia":[{"embeddable":true,"href":"https:\/\/fundacionincipe.com\/index.php\/wp-json\/wp\/v2\/media\/14198"}],"wp:attachment":[{"href":"https:\/\/fundacionincipe.com\/index.php\/wp-json\/wp\/v2\/media?parent=14195"}],"wp:term":[{"taxonomy":"category","embeddable":true,"href":"https:\/\/fundacionincipe.com\/index.php\/wp-json\/wp\/v2\/categories?post=14195"},{"taxonomy":"post_tag","embeddable":true,"href":"https:\/\/fundacionincipe.com\/index.php\/wp-json\/wp\/v2\/tags?post=14195"}],"curies":[{"name":"wp","href":"https:\/\/api.w.org\/{rel}","templated":true}]}}