{"id":14138,"date":"2022-03-15T08:46:00","date_gmt":"2022-03-15T08:46:00","guid":{"rendered":"https:\/\/fundacionincipe.com\/?p=14138"},"modified":"2024-10-18T10:51:46","modified_gmt":"2024-10-18T10:51:46","slug":"la-estrategia-de-seguridad-nacional-2021-un-proyecto-compartido-2","status":"publish","type":"post","link":"https:\/\/fundacionincipe.com\/index.php\/2022\/03\/15\/la-estrategia-de-seguridad-nacional-2021-un-proyecto-compartido-2\/","title":{"rendered":"La Estrategia de Seguridad Nacional 2021: un proyecto compartido"},"content":{"rendered":"\n<p>La Estrategia de Seguridad Nacional fue aprobada el a\u00f1o pasado y sustituye a la de 2017. Todas las estrategias son creadas para que tengan una duraci\u00f3n de 10 a\u00f1os, pero siendo revisadas cada 5 a\u00f1os o cuando las circunstancias lo requieran. A pesar de los plazos acordados, es muy complicado que una Estrategia siga siendo vigente durante 10 a\u00f1os, pues el mundo en el que vivimos est\u00e1 siempre en continuo cambio.<\/p>\n\n\n\n<p>Las razones fundamentales por las que la Estrategia de Seguridad Nacional del 2017 tuvo que ser revisada fueron cinco, de acuerdo con Miguel \u00c1ngel Ballesteros:<\/p>\n\n\n\n<ol class=\"wp-block-list\">\n<li>La necesidad de crear un sistema de gesti\u00f3n de crisis.<\/li>\n\n\n\n<li>Un nuevo panorama internacional.<\/li>\n\n\n\n<li>Las campa\u00f1as de desinformaci\u00f3n.<\/li>\n\n\n\n<li>La crisis clim\u00e1tica.<\/li>\n\n\n\n<li>Las tecnolog\u00edas disruptivas.<\/li>\n<\/ol>\n\n\n\n<p>Tras incorporar las carencias identificadas de la anterior Estrategia, la nueva cuenta con algunas novedades. Para empezar, se incluye a las Comunidades Aut\u00f3nomas a trav\u00e9s de la&nbsp;<strong>Conferencia Sectorial de Seguridad Nacional<\/strong>. Otra novedad es que a la Comisi\u00f3n Mixta no se la involucr\u00f3 directamente en la realizaci\u00f3n. Y, por ultimo, se cre\u00f3 un grupo de expertos, encargados de leer, analizar y aportar comentarios sobre los borradores.<\/p>\n\n\n\n<p>En cuanto a los principios de la nueva Estrategia, Ballesteros hizo una retrospectica comparando la publicada en 2011 hasta la actual; en la que nos mostr\u00f3 como cada a\u00f1o se iban agrupando los principios hasta llegar hasta los que tenemos en la de 2021. Dicho as\u00ed, nos encontramos con los&nbsp;<strong>tres principios rectores: m\u00e1s anticipaci\u00f3n, m\u00e1s integraci\u00f3n y m\u00e1s resiliencia<\/strong>. Este&nbsp;<em>\u00a8m\u00e1s\u00a8<\/em>&nbsp;es importante porque hace referencia a que&nbsp;<strong>se necesitan m\u00e1s esfuerzos<\/strong>&nbsp;para resolver los distintos temas a los que nos enfrentamos.<\/p>\n\n\n\n<p>Para concluir, se recalc\u00f3 la importancia de adaptar la estrategia a las necesidades creadas por los acontecimientos que nos rodean siguiendo las l\u00edneas de acci\u00f3n y sin esperar a la revisi\u00f3n de la estrategia, pues, como hemos visto, debemos tener una gran capacidad de respuesta a problemas futuros.<\/p>\n\n\n\n<p>Marta Herranz<\/p>\n","protected":false},"excerpt":{"rendered":"<p>El 15 de marzo de 2022 INCIPE celebr\u00f3 una sesi\u00f3n virtual titulada La Estrategia de Seguridad Nacional 2021: un proyecto compartido. Para ello contamos con la participaci\u00f3n de Miguel \u00c1ngel Ballestero, actual director del Departamento de Seguridad Nacional del Gabinete de la Presidencia del Gobierno<\/p>\n","protected":false},"author":3,"featured_media":14069,"comment_status":"closed","ping_status":"closed","sticky":false,"template":"","format":"standard","meta":{"_acf_changed":false,"footnotes":""},"categories":[8],"tags":[],"class_list":["post-14138","post","type-post","status-publish","format-standard","has-post-thumbnail","hentry","category-conferencias-y-seminarios"],"acf":[],"_links":{"self":[{"href":"https:\/\/fundacionincipe.com\/index.php\/wp-json\/wp\/v2\/posts\/14138","targetHints":{"allow":["GET"]}}],"collection":[{"href":"https:\/\/fundacionincipe.com\/index.php\/wp-json\/wp\/v2\/posts"}],"about":[{"href":"https:\/\/fundacionincipe.com\/index.php\/wp-json\/wp\/v2\/types\/post"}],"author":[{"embeddable":true,"href":"https:\/\/fundacionincipe.com\/index.php\/wp-json\/wp\/v2\/users\/3"}],"replies":[{"embeddable":true,"href":"https:\/\/fundacionincipe.com\/index.php\/wp-json\/wp\/v2\/comments?post=14138"}],"version-history":[{"count":7,"href":"https:\/\/fundacionincipe.com\/index.php\/wp-json\/wp\/v2\/posts\/14138\/revisions"}],"predecessor-version":[{"id":17763,"href":"https:\/\/fundacionincipe.com\/index.php\/wp-json\/wp\/v2\/posts\/14138\/revisions\/17763"}],"wp:featuredmedia":[{"embeddable":true,"href":"https:\/\/fundacionincipe.com\/index.php\/wp-json\/wp\/v2\/media\/14069"}],"wp:attachment":[{"href":"https:\/\/fundacionincipe.com\/index.php\/wp-json\/wp\/v2\/media?parent=14138"}],"wp:term":[{"taxonomy":"category","embeddable":true,"href":"https:\/\/fundacionincipe.com\/index.php\/wp-json\/wp\/v2\/categories?post=14138"},{"taxonomy":"post_tag","embeddable":true,"href":"https:\/\/fundacionincipe.com\/index.php\/wp-json\/wp\/v2\/tags?post=14138"}],"curies":[{"name":"wp","href":"https:\/\/api.w.org\/{rel}","templated":true}]}}