{"id":14094,"date":"2022-03-30T19:42:00","date_gmt":"2022-03-30T19:42:00","guid":{"rendered":"https:\/\/fundacionincipe.com\/?p=14094"},"modified":"2025-03-10T12:15:34","modified_gmt":"2025-03-10T12:15:34","slug":"disinformation-as-a-weapon-of-war-2","status":"publish","type":"post","link":"https:\/\/fundacionincipe.com\/index.php\/2022\/03\/30\/disinformation-as-a-weapon-of-war-2\/","title":{"rendered":"Disinformation as a Weapon of War"},"content":{"rendered":"\n<p>Peter Loewen tom\u00f3 la palabra en primer lugar citando investigaciones acad\u00e9micas que estudian como la desinformaci\u00f3n entra en el ecosistema de la comunicaci\u00f3n canadiense, c\u00f3mo esta es consumida por los ciudadanos y c\u00f3mo les ha afectado. Para ello, destac\u00f3 dos aspectos importantes.<\/p>\n\n\n\n<p>En primer lugar, la desinformaci\u00f3n puede proceder de distintas fuentes, siendo una de ellas los gobiernos extranjeros, aunque la m\u00e1s importante es el <strong>mercado de demanda de desinformaci\u00f3n<\/strong>. En este mercado encontramos p\u00e1ginas web que tratan aquellos temas que les reportan mayor beneficio, como por ejemplo la Covid-19 o la guerra en Ucrania. El segundo punto hace hincapi\u00e9 en que debemos ser conscientes de que la desinformaci\u00f3n proviene de un intercambio de ideas entre distintos individuos y, para frenarlo, no podemos proponer ideas solo a nivel t\u00e9cnico, sino que debemos tener en cuenta el nivel humanitario porque son los individuos los que comparten ideas y deciden que fuentes de informaci\u00f3n usar. Una de las causas para consumir este tipo de informaci\u00f3n es la <strong>falta de confianza<\/strong> en los gobiernos, medios de comunicaci\u00f3n, instituciones\u2026<\/p>\n\n\n\n<p>Danilo T\u00fcrk, actual presidente del Club de Madrid, se\u00f1al\u00f3 la desinformaci\u00f3n como un arma tradicional de guerra, que, por ejemplo, ya fue usada en las Guerras Napole\u00f3nicas. Los ciudadanos somos tanto consumidores como participantes de los procesos de desinformaci\u00f3n, por eso es m\u00e1s complejo discernir si hay un plan detr\u00e1s de ello.&nbsp;Danilo T\u00fcrk A esto se refiri\u00f3 como <em>micro targeting<\/em>. T\u00fcrk plante\u00f3 si la desinformaci\u00f3n era un <strong>instrumento de las ciberguerras<\/strong> y, s\u00ed lo era, qu\u00e9 vendr\u00eda despu\u00e9s, c\u00f3mo deber\u00edamos responder a ello y de qu\u00e9 manera. Desde su punto de vista, los thinks tanks deben jugar un papel destacado, ofreciendo instrumentos para hacer frente a la desinformaci\u00f3n.<\/p>\n\n\n\n<p>Para concluir, T\u00fcrk recalc\u00f3 la importancia de redactar un documento consensuado por los Estados para la <strong>autolimitaci\u00f3n y la responsabilidad en el ciberespacio<\/strong>, pues ser\u00e1 la base para las futuras regulaciones.<\/p>\n\n\n\n<p>Tras la intervenci\u00f3n de ambos participante, M\u00aa Elena Ag\u00fcero, secretaria general del Club de Madrid, dio paso al debate d\u00f3nde, entre otros temas, se discuti\u00f3 sobre liderazgo y democracia. Aspectos que ambos ponentes destacan como factores clave para la recuperaci\u00f3n de la confianza por parte de los ciudadanos en los l\u00edderes pol\u00edticos.<\/p>\n\n\n\n<p class=\"has-small-font-size\">Marta Herranz<\/p>\n\n\n\n<p class=\"has-small-font-size\">Asistente de Comunicaci\u00f3n, INCIPE<\/p>\n\n\n\n<figure class=\"wp-block-gallery has-nested-images columns-default is-cropped wp-block-gallery-1 is-layout-flex wp-block-gallery-is-layout-flex\">\n<figure class=\"wp-block-image size-large\"><img fetchpriority=\"high\" decoding=\"async\" width=\"1024\" height=\"768\" data-id=\"21526\" src=\"https:\/\/fundacionincipe.com\/wp-content\/uploads\/2025\/03\/IMG_6243-1024x768.jpg\" alt=\"\" class=\"wp-image-21526\" srcset=\"https:\/\/fundacionincipe.com\/wp-content\/uploads\/2025\/03\/IMG_6243-1024x768.jpg 1024w, https:\/\/fundacionincipe.com\/wp-content\/uploads\/2025\/03\/IMG_6243-300x225.jpg 300w, https:\/\/fundacionincipe.com\/wp-content\/uploads\/2025\/03\/IMG_6243-768x576.jpg 768w, https:\/\/fundacionincipe.com\/wp-content\/uploads\/2025\/03\/IMG_6243-1536x1152.jpg 1536w, https:\/\/fundacionincipe.com\/wp-content\/uploads\/2025\/03\/IMG_6243-2048x1536.jpg 2048w\" sizes=\"(max-width: 1024px) 100vw, 1024px\" \/><\/figure>\n\n\n\n<figure class=\"wp-block-image size-large\"><img decoding=\"async\" width=\"1024\" height=\"768\" data-id=\"21527\" src=\"https:\/\/fundacionincipe.com\/wp-content\/uploads\/2025\/03\/IMG_6267-1024x768.jpg\" alt=\"\" class=\"wp-image-21527\" srcset=\"https:\/\/fundacionincipe.com\/wp-content\/uploads\/2025\/03\/IMG_6267-1024x768.jpg 1024w, https:\/\/fundacionincipe.com\/wp-content\/uploads\/2025\/03\/IMG_6267-300x225.jpg 300w, https:\/\/fundacionincipe.com\/wp-content\/uploads\/2025\/03\/IMG_6267-768x576.jpg 768w, https:\/\/fundacionincipe.com\/wp-content\/uploads\/2025\/03\/IMG_6267-1536x1152.jpg 1536w, https:\/\/fundacionincipe.com\/wp-content\/uploads\/2025\/03\/IMG_6267-2048x1536.jpg 2048w\" sizes=\"(max-width: 1024px) 100vw, 1024px\" \/><\/figure>\n\n\n\n<figure class=\"wp-block-image size-large\"><img decoding=\"async\" width=\"1024\" height=\"768\" data-id=\"21528\" src=\"https:\/\/fundacionincipe.com\/wp-content\/uploads\/2025\/03\/IMG_6297-1024x768.jpg\" alt=\"\" class=\"wp-image-21528\" srcset=\"https:\/\/fundacionincipe.com\/wp-content\/uploads\/2025\/03\/IMG_6297-1024x768.jpg 1024w, https:\/\/fundacionincipe.com\/wp-content\/uploads\/2025\/03\/IMG_6297-300x225.jpg 300w, https:\/\/fundacionincipe.com\/wp-content\/uploads\/2025\/03\/IMG_6297-768x576.jpg 768w, https:\/\/fundacionincipe.com\/wp-content\/uploads\/2025\/03\/IMG_6297-1536x1152.jpg 1536w, https:\/\/fundacionincipe.com\/wp-content\/uploads\/2025\/03\/IMG_6297-2048x1536.jpg 2048w\" sizes=\"(max-width: 1024px) 100vw, 1024px\" \/><\/figure>\n\n\n\n<figure class=\"wp-block-image size-large\"><img loading=\"lazy\" decoding=\"async\" width=\"1024\" height=\"683\" data-id=\"21530\" src=\"https:\/\/fundacionincipe.com\/wp-content\/uploads\/2025\/03\/IMG_6947-1024x683.jpg\" alt=\"\" class=\"wp-image-21530\" srcset=\"https:\/\/fundacionincipe.com\/wp-content\/uploads\/2025\/03\/IMG_6947-1024x683.jpg 1024w, https:\/\/fundacionincipe.com\/wp-content\/uploads\/2025\/03\/IMG_6947-300x200.jpg 300w, https:\/\/fundacionincipe.com\/wp-content\/uploads\/2025\/03\/IMG_6947-768x512.jpg 768w, https:\/\/fundacionincipe.com\/wp-content\/uploads\/2025\/03\/IMG_6947-1536x1024.jpg 1536w, https:\/\/fundacionincipe.com\/wp-content\/uploads\/2025\/03\/IMG_6947-2048x1365.jpg 2048w\" sizes=\"(max-width: 1024px) 100vw, 1024px\" \/><\/figure>\n\n\n\n<figure class=\"wp-block-image size-large\"><img loading=\"lazy\" decoding=\"async\" width=\"1024\" height=\"768\" data-id=\"21529\" src=\"https:\/\/fundacionincipe.com\/wp-content\/uploads\/2025\/03\/IMG_6328-1024x768.jpg\" alt=\"\" class=\"wp-image-21529\" srcset=\"https:\/\/fundacionincipe.com\/wp-content\/uploads\/2025\/03\/IMG_6328-1024x768.jpg 1024w, https:\/\/fundacionincipe.com\/wp-content\/uploads\/2025\/03\/IMG_6328-300x225.jpg 300w, https:\/\/fundacionincipe.com\/wp-content\/uploads\/2025\/03\/IMG_6328-768x576.jpg 768w, https:\/\/fundacionincipe.com\/wp-content\/uploads\/2025\/03\/IMG_6328-1536x1152.jpg 1536w, https:\/\/fundacionincipe.com\/wp-content\/uploads\/2025\/03\/IMG_6328-2048x1536.jpg 2048w\" sizes=\"(max-width: 1024px) 100vw, 1024px\" \/><\/figure>\n\n\n\n<figure class=\"wp-block-image size-large\"><img loading=\"lazy\" decoding=\"async\" width=\"1024\" height=\"683\" data-id=\"21531\" src=\"https:\/\/fundacionincipe.com\/wp-content\/uploads\/2025\/03\/IMG_6968-1024x683.jpg\" alt=\"\" class=\"wp-image-21531\" srcset=\"https:\/\/fundacionincipe.com\/wp-content\/uploads\/2025\/03\/IMG_6968-1024x683.jpg 1024w, https:\/\/fundacionincipe.com\/wp-content\/uploads\/2025\/03\/IMG_6968-300x200.jpg 300w, https:\/\/fundacionincipe.com\/wp-content\/uploads\/2025\/03\/IMG_6968-768x512.jpg 768w, https:\/\/fundacionincipe.com\/wp-content\/uploads\/2025\/03\/IMG_6968-1536x1024.jpg 1536w, https:\/\/fundacionincipe.com\/wp-content\/uploads\/2025\/03\/IMG_6968-2048x1365.jpg 2048w\" sizes=\"(max-width: 1024px) 100vw, 1024px\" \/><\/figure>\n<\/figure>\n","protected":false},"excerpt":{"rendered":"<p>Peter Loewen tom\u00f3 la palabra en primer lugar citando investigaciones acad\u00e9micas que estudian como la desinformaci\u00f3n entra en el ecosistema de la comunicaci\u00f3n canadiense, c\u00f3mo esta es consumida por los [&hellip;]<\/p>\n","protected":false},"author":3,"featured_media":14078,"comment_status":"closed","ping_status":"closed","sticky":false,"template":"","format":"standard","meta":{"_acf_changed":false,"footnotes":""},"categories":[8],"tags":[],"class_list":["post-14094","post","type-post","status-publish","format-standard","has-post-thumbnail","hentry","category-conferencias-y-seminarios"],"acf":[],"_links":{"self":[{"href":"https:\/\/fundacionincipe.com\/index.php\/wp-json\/wp\/v2\/posts\/14094","targetHints":{"allow":["GET"]}}],"collection":[{"href":"https:\/\/fundacionincipe.com\/index.php\/wp-json\/wp\/v2\/posts"}],"about":[{"href":"https:\/\/fundacionincipe.com\/index.php\/wp-json\/wp\/v2\/types\/post"}],"author":[{"embeddable":true,"href":"https:\/\/fundacionincipe.com\/index.php\/wp-json\/wp\/v2\/users\/3"}],"replies":[{"embeddable":true,"href":"https:\/\/fundacionincipe.com\/index.php\/wp-json\/wp\/v2\/comments?post=14094"}],"version-history":[{"count":16,"href":"https:\/\/fundacionincipe.com\/index.php\/wp-json\/wp\/v2\/posts\/14094\/revisions"}],"predecessor-version":[{"id":21536,"href":"https:\/\/fundacionincipe.com\/index.php\/wp-json\/wp\/v2\/posts\/14094\/revisions\/21536"}],"wp:featuredmedia":[{"embeddable":true,"href":"https:\/\/fundacionincipe.com\/index.php\/wp-json\/wp\/v2\/media\/14078"}],"wp:attachment":[{"href":"https:\/\/fundacionincipe.com\/index.php\/wp-json\/wp\/v2\/media?parent=14094"}],"wp:term":[{"taxonomy":"category","embeddable":true,"href":"https:\/\/fundacionincipe.com\/index.php\/wp-json\/wp\/v2\/categories?post=14094"},{"taxonomy":"post_tag","embeddable":true,"href":"https:\/\/fundacionincipe.com\/index.php\/wp-json\/wp\/v2\/tags?post=14094"}],"curies":[{"name":"wp","href":"https:\/\/api.w.org\/{rel}","templated":true}]}}