{"id":14068,"date":"2022-04-21T17:43:00","date_gmt":"2022-04-21T17:43:00","guid":{"rendered":"https:\/\/fundacionincipe.com\/?p=14068"},"modified":"2024-10-18T10:36:46","modified_gmt":"2024-10-18T10:36:46","slug":"turkish-foreign-policy-in-the-light-of-recent-developments-2","status":"publish","type":"post","link":"https:\/\/fundacionincipe.com\/index.php\/2022\/04\/21\/turkish-foreign-policy-in-the-light-of-recent-developments-2\/","title":{"rendered":"Turkish foreign policy in the light of recent developments"},"content":{"rendered":"\n<p><\/p>\n\n\n\n<p>El embajador de Turqu\u00eda en Espa\u00f1a, Burak Ak\u00e7apar, se\u00f1al\u00f3 al inicio de la sesi\u00f3n la importancia de las relaciones entre Espa\u00f1a y Turqu\u00eda, principalmente en el marco estrat\u00e9gico como consecuencia de la localizaci\u00f3n de ambos pa\u00edses en sendos extremos del mar Mediterr\u00e1neo. Este v\u00ednculo se ha solidificado recientemente gracias a que en el Consejo Espa\u00f1a-Turqu\u00eda del paso a\u00f1o se&nbsp;<strong>firm\u00f3 una&nbsp;<em>asociaci\u00f3n integral<\/em><\/strong>, llevando as\u00ed su relaci\u00f3n a otro nivel.<\/p>\n\n\n\n<p>Ufuk Uluta\u015f, director del Centro de Estudios Estrat\u00e9gicos del Ministerio de Asuntos Exteriores de Turqu\u00eda, tom\u00f3 la palabra destacando la<strong>&nbsp;identidad multidimensional de Turqu\u00eda<\/strong>, consecuencia de la gran cantidad de pa\u00edses lim\u00edtrofes con los que tiene frotnera; sin olvidarse de las distintas etnias que podemos encontrar en el pa\u00eds y las distintas organizaciones internacionales de las que forman parte. Estos hechos influyen de manera sistem\u00e1tica a la hora de desarrollar su pol\u00edtica exterior.<\/p>\n\n\n\n<p>Una de las cuestiones que m\u00e1s est\u00e1n condicionando la pol\u00edtica exterior turca actualmente es, sin duda, la Guerra de Ucrania. Tanto Rusia como Ucrania tienen unos v\u00ednculos muy fuertes con Turqu\u00eda; con los ucranianos se hablar\u00eda de una relaci\u00f3n multidimensional, mientras que con la Federaci\u00f3n de Rusia existen \u00e1reas de cooperaci\u00f3n integral, a la vez que de competici\u00f3n. Turqu\u00eda est\u00f1a jugando un papel importante como mediador, ofreciendo canales de dialogo y discusi\u00f3n con el objetivo de acercar a ambos pa\u00edses a un tratado de paz. \u201cSi la guerra actual entre Rusia y Ucrania termina alguna vez, creemos que ser\u00e1 a trav\u00e9s de la diplomacia\u201d, se\u00f1al\u00f3 Ufuk Uluta\u015f.<\/p>\n\n\n\n<p>Otro eje de la pol\u00edtica exterior turca es la comprendida en el Mediterr\u00e1neo Oriental, donde Uluta\u015f menciona el conflicto con Chipre, que lleva congelado varias d\u00e9cadas, claro ejemplo de que el Mediterr\u00e1neo puede convertirse tanto en un \u00e1rea de cooperaci\u00f3n como de competici\u00f3n. Finalmente, Ufuk Uluta\u015f menciona en l\u00edneas generales la situaci\u00f3n de Oriente Medio, regi\u00f3n cuyos pa\u00edses poseen distintos intereses, prioridades y perspectivas.<\/p>\n\n\n\n<p>Para concluir esta sesi\u00f3n digital se celebr\u00f3 un debate en el que tanto Ufuk Uluta\u015f como Mesut \u00d6zcan respondieron a cuestiones planteadas por nuestros participantes.<\/p>\n\n\n\n<p>Marta Herranz<br><\/p>\n","protected":false},"excerpt":{"rendered":"<p>El embajador de Turqu\u00eda en Espa\u00f1a, Burak Ak\u00e7apar, se\u00f1al\u00f3 al inicio de la sesi\u00f3n la importancia de las relaciones entre Espa\u00f1a y Turqu\u00eda, principalmente en el marco estrat\u00e9gico como consecuencia [&hellip;]<\/p>\n","protected":false},"author":1,"featured_media":154,"comment_status":"open","ping_status":"closed","sticky":false,"template":"","format":"standard","meta":{"_acf_changed":false,"footnotes":""},"categories":[8],"tags":[],"class_list":["post-14068","post","type-post","status-publish","format-standard","has-post-thumbnail","hentry","category-conferencias-y-seminarios"],"acf":[],"_links":{"self":[{"href":"https:\/\/fundacionincipe.com\/index.php\/wp-json\/wp\/v2\/posts\/14068","targetHints":{"allow":["GET"]}}],"collection":[{"href":"https:\/\/fundacionincipe.com\/index.php\/wp-json\/wp\/v2\/posts"}],"about":[{"href":"https:\/\/fundacionincipe.com\/index.php\/wp-json\/wp\/v2\/types\/post"}],"author":[{"embeddable":true,"href":"https:\/\/fundacionincipe.com\/index.php\/wp-json\/wp\/v2\/users\/1"}],"replies":[{"embeddable":true,"href":"https:\/\/fundacionincipe.com\/index.php\/wp-json\/wp\/v2\/comments?post=14068"}],"version-history":[{"count":7,"href":"https:\/\/fundacionincipe.com\/index.php\/wp-json\/wp\/v2\/posts\/14068\/revisions"}],"predecessor-version":[{"id":17754,"href":"https:\/\/fundacionincipe.com\/index.php\/wp-json\/wp\/v2\/posts\/14068\/revisions\/17754"}],"wp:featuredmedia":[{"embeddable":true,"href":"https:\/\/fundacionincipe.com\/index.php\/wp-json\/wp\/v2\/media\/154"}],"wp:attachment":[{"href":"https:\/\/fundacionincipe.com\/index.php\/wp-json\/wp\/v2\/media?parent=14068"}],"wp:term":[{"taxonomy":"category","embeddable":true,"href":"https:\/\/fundacionincipe.com\/index.php\/wp-json\/wp\/v2\/categories?post=14068"},{"taxonomy":"post_tag","embeddable":true,"href":"https:\/\/fundacionincipe.com\/index.php\/wp-json\/wp\/v2\/tags?post=14068"}],"curies":[{"name":"wp","href":"https:\/\/api.w.org\/{rel}","templated":true}]}}