{"id":14065,"date":"2022-04-26T17:35:00","date_gmt":"2022-04-26T17:35:00","guid":{"rendered":"https:\/\/fundacionincipe.com\/?p=14065"},"modified":"2024-10-18T10:29:17","modified_gmt":"2024-10-18T10:29:17","slug":"relaciones-espana-africa-2","status":"publish","type":"post","link":"https:\/\/fundacionincipe.com\/index.php\/2022\/04\/26\/relaciones-espana-africa-2\/","title":{"rendered":"Relaciones Espa\u00f1a-\u00c1frica"},"content":{"rendered":"\n<p>La Direci\u00f3n General para \u00c1frica en el MAEC se ocupa de un total de 49 pa\u00edses de los 54 que hay en el continente, englobando a aquellos que forman parte de la Uni\u00f3n Africana y de la regi\u00f3n geogr\u00e1fica que comprende el \u00c1frica subsahariana. Las relaciones con todos ellos han sido considerados como primordiales en la acci\u00f3n exterior espa\u00f1ola y, actualmente, el Gobierno les otorga m\u00e1s protagonismo a trav\u00e9s del de la reciente\u00a0<em><strong>Estrategia de Acci\u00f3n Exterior 2021-2024<\/strong><\/em>, el\u00a0<em>III Plan \u00c1frica<\/em>\u00a0y el\u00a0<em>Foco \u00c1frica 2023<\/em>.<\/p>\n\n\n\n<p>En su intervenci\u00f3n, Alicia Rico recalca que el continente africano va adquiriendo cada vez m\u00e1s peso como actor global y otras potencias internacionales; como China, Estados Unidos y la Uni\u00f3n Europea (UE), han aumentado gradualmente su presencia en el continente, pues su desarrollo va a ser crucial a nivel mundial. En el caso particular de Espa\u00f1a, consideramos&nbsp;<strong>\u00c1frica como nuestra frontera sur<\/strong>&nbsp;e, indiscutiblemente, lo que ocurre all\u00ed tiene mucha repercusi\u00f3n para nuestro pa\u00eds. Adem\u00e1s, Alicia Rico nos record\u00f3 que&nbsp;<strong>tenemos la responsabilidad hist\u00f3rica de ayudar<\/strong>&nbsp;a este continente a poder transformarse y poder crear las oportunidades que necesita.<\/p>\n\n\n\n<p>Desgraciadamente, los ciudadanos africanos han sufrido en repetidas ocasiones las consecuencias de a\u00f1os de hambruna, extrema pobreza, cambio clim\u00e1tico, conflictos \u00e9tnicos y terrorismo, entre otros. Estos acontecimientos no han dejado ver los&nbsp;<strong>avances que s\u00ed se han alcanzado en materias como democratizaci\u00f3n<\/strong>&nbsp;y resoluci\u00f3n de conflicto entre estados soberanos del continente. Por lo tanto, ofrecer ayuda al \u00c1frica subsahariana en los diversos retos a los que se enfrentan ofrece, simultaneamente, estabilidad global al resto de actores internacionales. La \u00fanica manera de poder contribuir a esta transformaci\u00f3n del continente es a trav\u00e9s de mecanismos bilaterales, adem\u00e1s de los propios programas de la Uni\u00f3n Europea en materia econ\u00f3mica, de gobernanza o creaci\u00f3n de nuevas oportunidades.<\/p>\n\n\n\n<p>Espa\u00f1a ha reflejado sus mecanismos de acci\u00f3n en el reciente III Plan \u00c1frica, donde encontramos los&nbsp;<strong>cuatro objetivos estrat\u00e9gicos<\/strong>: la paz y seguridad, crecimiento econ\u00f3mico y desarrollo sostenible, fortalecimiento de instituciones y democracia y movilidad ordenada y regular.<\/p>\n\n\n\n<p>Para finalizar el encuentro digital, Alicia Rico respondi\u00f3 a algunas cuestiones concretas sobre el Sahel, inmigraci\u00f3n irregular, mercado laboral, impacto del conflicto Ucrania y oportunidades comerciales, entre otros temas.<\/p>\n\n\n\n<p>Marta Herranz<\/p>\n","protected":false},"excerpt":{"rendered":"<p>La Direci\u00f3n General para \u00c1frica en el MAEC se ocupa de un total de 49 pa\u00edses de los 54 que hay en el continente, englobando a aquellos que forman parte [&hellip;]<\/p>\n","protected":false},"author":3,"featured_media":14066,"comment_status":"open","ping_status":"closed","sticky":false,"template":"","format":"standard","meta":{"_acf_changed":false,"footnotes":""},"categories":[8],"tags":[],"class_list":["post-14065","post","type-post","status-publish","format-standard","has-post-thumbnail","hentry","category-conferencias-y-seminarios"],"acf":[],"_links":{"self":[{"href":"https:\/\/fundacionincipe.com\/index.php\/wp-json\/wp\/v2\/posts\/14065","targetHints":{"allow":["GET"]}}],"collection":[{"href":"https:\/\/fundacionincipe.com\/index.php\/wp-json\/wp\/v2\/posts"}],"about":[{"href":"https:\/\/fundacionincipe.com\/index.php\/wp-json\/wp\/v2\/types\/post"}],"author":[{"embeddable":true,"href":"https:\/\/fundacionincipe.com\/index.php\/wp-json\/wp\/v2\/users\/3"}],"replies":[{"embeddable":true,"href":"https:\/\/fundacionincipe.com\/index.php\/wp-json\/wp\/v2\/comments?post=14065"}],"version-history":[{"count":8,"href":"https:\/\/fundacionincipe.com\/index.php\/wp-json\/wp\/v2\/posts\/14065\/revisions"}],"predecessor-version":[{"id":17750,"href":"https:\/\/fundacionincipe.com\/index.php\/wp-json\/wp\/v2\/posts\/14065\/revisions\/17750"}],"wp:featuredmedia":[{"embeddable":true,"href":"https:\/\/fundacionincipe.com\/index.php\/wp-json\/wp\/v2\/media\/14066"}],"wp:attachment":[{"href":"https:\/\/fundacionincipe.com\/index.php\/wp-json\/wp\/v2\/media?parent=14065"}],"wp:term":[{"taxonomy":"category","embeddable":true,"href":"https:\/\/fundacionincipe.com\/index.php\/wp-json\/wp\/v2\/categories?post=14065"},{"taxonomy":"post_tag","embeddable":true,"href":"https:\/\/fundacionincipe.com\/index.php\/wp-json\/wp\/v2\/tags?post=14065"}],"curies":[{"name":"wp","href":"https:\/\/api.w.org\/{rel}","templated":true}]}}