{"id":14062,"date":"2022-05-11T17:34:00","date_gmt":"2022-05-11T17:34:00","guid":{"rendered":"https:\/\/fundacionincipe.com\/?p=14062"},"modified":"2024-10-18T10:27:22","modified_gmt":"2024-10-18T10:27:22","slug":"indo-pacifico-en-el-nuevo-marco-geopolitico-2","status":"publish","type":"post","link":"https:\/\/fundacionincipe.com\/index.php\/2022\/05\/11\/indo-pacifico-en-el-nuevo-marco-geopolitico-2\/","title":{"rendered":"Indo-Pac\u00edfico en el nuevo marco geopol\u00edtico"},"content":{"rendered":"\n<p>El embajador Emilio Miguel de Calabia inici\u00f3 su ponencia enmarcando c\u00f3mo surgi\u00f3 el concepto Indo-Pac\u00edfico. Este t\u00e9rmino fue introducido por primera vez por el ex primer ministro japon\u00e9s Shinzo-Abe, que en 2007 defendi\u00f3 el concepto de un Indo-Pac\u00edfico libre y abierto dado las controversias surgidas en torno al mar del sur de China y al mar del este de China. Es por esto que Emilio de Miguel se\u00f1ala que\u00a0<strong>la respuesta a este ascenso de China tiene como consecuencia el surgimiento de dicho concepto; as\u00ed como tambi\u00e9n la revitalizaci\u00f3n del\u00a0<em>Quad<\/em>,\u00a0<\/strong>creado en 2008 y que re\u00fane Australia, Estados Unidos, India y Jap\u00f3n.<\/p>\n\n\n\n<p>Parte de este ascenso tiene lugar en el a\u00f1o 2013,&nbsp;<strong>fecha en la que China lanza la&nbsp;<em>Iniciativa de la Franja y de la Ruta,&nbsp;<\/em>una nueva manera de recomponer el espacio Indo-Pac\u00edfico<\/strong>&nbsp;aunque se presente como un mero proyecto de infraestructuras. Esta iniciativa tiene como objetivo solucionar el d\u00e9ficit de infraestructural que existe en Eurasia y establecer criterios m\u00e1s laxos a la hora de establecer cr\u00e9ditos; entre otros. Adem\u00e1s, tambi\u00e9n han desarrollado un nuevo ecosistema lateral, pretendiendo competir e incluso reemplazar el sistema creado en Bretton Woods a la larga.&nbsp;<strong>La creaci\u00f3n del Banco Mundial Asi\u00e1tico de inversi\u00f3n en infraestructuras o el&nbsp;<em>Foro de Boao para Asia<\/em>&nbsp;ser\u00edan ejemplos de estas medidas que pretenden rivalizar el sistema existente<\/strong>.<\/p>\n\n\n\n<p>En cuanto a la visi\u00f3n occidental sobre esta iniciativa por parte de China, el embajador de Miguel hace una especial menci\u00f3n a Estados Unidos y a la Uni\u00f3n Europea. Por una parte,&nbsp;<strong>la Administraci\u00f3n Trump supuso un punto de inflexi\u00f3n en las relaciones EE.UU.-China<\/strong>, otorg\u00e1ndole una importancia renovada al Indo-Pac\u00edfico como el marco geogr\u00e1fico en el que se jugar\u00eda la rivalidad por la hegemon\u00eda global. Dentro de esta rivalidad, se identifican tres escenarios: una bipolaridad cooperativa EEUU-China, un clima de Guerra Fr\u00eda y constituci\u00f3n de bloques antag\u00f3nicos, y una bipolaridad multipolar.<\/p>\n\n\n\n<p>Por otro lado<strong>, la Uni\u00f3n Europea tambi\u00e9n ha presentado una estrategia en relaci\u00f3n al marco geopol\u00edtico Indo-Pac\u00edfico<\/strong>. Tal y como explica Emilio de Miguel, esta estrategia busca reforzar el papel de la UE en la regi\u00f3n en el \u00e1mbito de seguridad y defensa; establecer una interdependencia entre la Uni\u00f3n Europea y el Indo-Pac\u00edfico; cooperar en la lucha contra el cambio clim\u00e1tico; insertarse en la arquitectura regional de seguridad y mejorar la financiaci\u00f3n hacia la regi\u00f3n con los fondos&nbsp;<em>Global Gateway<\/em>.<\/p>\n\n\n\n<p>Para concluir, el embajador se\u00f1ala que la invasi\u00f3n de Rusia oblig\u00f3 a modificar las medidas pr\u00e1cticas debatidas en el foro del Indo-Pac\u00edfico junto con los miembros de la UE. No obstante, \u00e9l asegura que&nbsp;<strong>\u201cla invasi\u00f3n de Ucrania no va a implicar que EE.UU. y la UE se desentiendan del Indo-Pac\u00edfico. Todo lo contrario. Europa y el Indo-Pac\u00edfico van a seguir estando estrechamente ligados\u201d.<\/strong><\/p>\n\n\n\n<p>Judit Anidjar<\/p>\n","protected":false},"excerpt":{"rendered":"<p>El embajador Emilio Miguel de Calabia inici\u00f3 su ponencia enmarcando c\u00f3mo surgi\u00f3 el concepto Indo-Pac\u00edfico. Este t\u00e9rmino fue introducido por primera vez por el ex primer ministro japon\u00e9s Shinzo-Abe, que [&hellip;]<\/p>\n","protected":false},"author":3,"featured_media":14063,"comment_status":"closed","ping_status":"closed","sticky":false,"template":"","format":"standard","meta":{"_acf_changed":false,"footnotes":""},"categories":[8],"tags":[],"class_list":["post-14062","post","type-post","status-publish","format-standard","has-post-thumbnail","hentry","category-conferencias-y-seminarios"],"acf":[],"_links":{"self":[{"href":"https:\/\/fundacionincipe.com\/index.php\/wp-json\/wp\/v2\/posts\/14062","targetHints":{"allow":["GET"]}}],"collection":[{"href":"https:\/\/fundacionincipe.com\/index.php\/wp-json\/wp\/v2\/posts"}],"about":[{"href":"https:\/\/fundacionincipe.com\/index.php\/wp-json\/wp\/v2\/types\/post"}],"author":[{"embeddable":true,"href":"https:\/\/fundacionincipe.com\/index.php\/wp-json\/wp\/v2\/users\/3"}],"replies":[{"embeddable":true,"href":"https:\/\/fundacionincipe.com\/index.php\/wp-json\/wp\/v2\/comments?post=14062"}],"version-history":[{"count":4,"href":"https:\/\/fundacionincipe.com\/index.php\/wp-json\/wp\/v2\/posts\/14062\/revisions"}],"predecessor-version":[{"id":17748,"href":"https:\/\/fundacionincipe.com\/index.php\/wp-json\/wp\/v2\/posts\/14062\/revisions\/17748"}],"wp:featuredmedia":[{"embeddable":true,"href":"https:\/\/fundacionincipe.com\/index.php\/wp-json\/wp\/v2\/media\/14063"}],"wp:attachment":[{"href":"https:\/\/fundacionincipe.com\/index.php\/wp-json\/wp\/v2\/media?parent=14062"}],"wp:term":[{"taxonomy":"category","embeddable":true,"href":"https:\/\/fundacionincipe.com\/index.php\/wp-json\/wp\/v2\/categories?post=14062"},{"taxonomy":"post_tag","embeddable":true,"href":"https:\/\/fundacionincipe.com\/index.php\/wp-json\/wp\/v2\/tags?post=14062"}],"curies":[{"name":"wp","href":"https:\/\/api.w.org\/{rel}","templated":true}]}}