{"id":14045,"date":"2023-05-18T16:30:00","date_gmt":"2023-05-18T16:30:00","guid":{"rendered":"https:\/\/fundacionincipe.com\/?p=14045"},"modified":"2024-10-14T09:46:17","modified_gmt":"2024-10-14T09:46:17","slug":"la-empresa-ante-la-presidencia-espanola-del-consejo-de-la-ue","status":"publish","type":"post","link":"https:\/\/fundacionincipe.com\/index.php\/2023\/05\/18\/la-empresa-ante-la-presidencia-espanola-del-consejo-de-la-ue\/","title":{"rendered":"La empresa ante la Presidencia espa\u00f1ola del Consejo de la UE"},"content":{"rendered":"\n<p><\/p>\n\n\n\n<p>Alfredo Bonet inici\u00f3 su participaci\u00f3n mencionando las diferencias entre el Consejo de la UE en el a\u00f1o 2010 (\u00faltima ocasi\u00f3n en la que Espa\u00f1a ostent\u00f3 la Presidencia de la UE), y el actual, en el que Espa\u00f1a asumir\u00e1 la presidencia a partir del 1 de julio de 2023. En este periodo, se han producido grandes hitos en el marco de la Uni\u00f3n Europea, tales como la salida de Reino Unido y la incorporaci\u00f3n de Croacia, as\u00ed como la creaci\u00f3n del Presidente del consejo, figura que no exist\u00eda en 2010 y que ahora puede condicionar las decisiones de los pa\u00edses que presiden la UE.&nbsp;<strong>Deja claro que Espa\u00f1a asumir\u00e1 la Presidencia en un momento dif\u00edcil, con una crisis econ\u00f3mica mundial que ha afectado severamente al mercado global<\/strong>. Bonet se\u00f1ala que los pa\u00edses que ostentan la Presidencia tienen la capacidad de influir en la agenda de la UE. Sin embargo, destaca que no dispone de alg\u00fan documento explicativo sobre las prioridades de la Presidencia espa\u00f1ola en el Consejo de la UE, y se\u00f1ala que esta falta de transparencia probablemente se justifica debido al per\u00edodo electoral que atraviesa Espa\u00f1a en este momento.<\/p>\n\n\n\n<p>Bonet contin\u00faa su intervenci\u00f3n se\u00f1alando que la competitividad de los empresarios espa\u00f1oles es una preocupaci\u00f3n generalizada y est\u00e1 estrechamente vinculada al entorno empresarial en el que operan. Aunque es necesario tener acceso al mercado internacional, no basta solo con eso para tener \u00e9xito en el mercado global.&nbsp;<strong>La pol\u00edtica europea tiene un impacto significativo en la competitividad, tanto de manera directa como indirecta<\/strong>. Adem\u00e1s, destaca una serie de asuntos relevantes que afectar\u00e1n la evoluci\u00f3n de la competitividad empresarial y la econom\u00eda europea a corto, medio y largo plazo. Algunos de estos asuntos son el r\u00e9gimen de gas de estado, la posible capacidad presupuestaria permanente de la UE para financiar inversiones estrat\u00e9gicas y estabilizaci\u00f3n macroecon\u00f3mica, la pol\u00edtica industrial, la autonom\u00eda estrat\u00e9gica abierta (incluyendo las relaciones con Am\u00e9rica Latina), la transici\u00f3n digital y la transici\u00f3n ecol\u00f3gica.<\/p>\n\n\n\n<p>Para concluir su ponencia, Bonet manifiesta que&nbsp;<strong>para garantizar el \u00e9xito de las empresas es necesario mejorar el entorno empresarial, permitiendo que desplieguen su capacidad competitiva<\/strong>. Esto implica actuar en diversos factores que afectan a la competitividad del modelo productivo, como la protecci\u00f3n de la democracia, el fortalecimiento de las instituciones para garantizar la seguridad jur\u00eddica, y el adecuado funcionamiento de los mercados laborales y tributarios.<\/p>\n\n\n\n<p>Durante el debate, Bonet se\u00f1ala que el mercado de interiores es un gran \u00e9xito, y destaca que debe prevalecer el sistema liberal. Reitera que la competitividad se ve afectada por las subvenciones otorgadas y aboga por restablecer reglas fiscales que promuevan una competencia leal. Con relaci\u00f3n a la pandemia, menciona que, si bien justific\u00f3 la intervenci\u00f3n estatal, una vez que la emergencia desapareci\u00f3, los estados deber\u00edan volver a las reglas normales y cesar progresivamente las medidas proteccionistas implementadas durante la pandemia.<\/p>\n\n\n\n<p>En cuanto a las relaciones con Latinoam\u00e9rica, Bonet expresa el inter\u00e9s de los&nbsp;<strong>empresarios en concretar acuerdos como Mercosur, Chile y M\u00e9xico<\/strong>, para lograr relaciones comerciales predecibles y confiables. Sobre las relaciones con China, reconoce la complicada situaci\u00f3n debido a la rivalidad entre Estados Unidos y China, dejando a la UE en el medio. Aunque se reconoce que los intereses de la UE se inclinan m\u00e1s hacia Estados Unidos, destaca que China genera grandes super\u00e1vit para los pa\u00edses con los que negocia, pero muestra poca reciprocidad al no abrir sus mercados a las importaciones.<\/p>\n\n\n\n<p>Para finalizar, Bonet dedica unas palabras para responder a las cuestiones planteadas relativas al efecto de la espiral inflacionista al que se enfrenta la Uni\u00f3n Europea y, en particular, Espa\u00f1a. En este sentido, explica que, inevitablemente,\u00a0<strong>la inflaci\u00f3n reduce la competitividad, aunque su impacto ha sido menor en gran medida debido a que la crisis ha sido generalizada<\/strong>. No obstante, destaca la importancia de una pronta recuperaci\u00f3n para marcar una diferencia y tener un impacto positivo en la econom\u00eda del pa\u00eds.<\/p>\n\n\n\n<p>Danela Bordones<\/p>\n\n\n\n<h6 class=\"wp-block-heading\"><\/h6>\n","protected":false},"excerpt":{"rendered":"<p>En fecha 18 de mayo de 2023, INCIPE celebr\u00f3 el evento virtual titulado La empresa ante la Presidencia espa\u00f1ola del Consejo de la UE. Cont\u00f3 con la participaci\u00f3n de Alfredo Bonet, consejero independiente, secretario de Estado de Comercio Exterior (2010-2012) y secretario General del C\u00edrculo de Empresarios (2018-2022).<\/p>\n","protected":false},"author":3,"featured_media":14046,"comment_status":"open","ping_status":"closed","sticky":false,"template":"","format":"standard","meta":{"_acf_changed":false,"footnotes":""},"categories":[8],"tags":[],"class_list":["post-14045","post","type-post","status-publish","format-standard","has-post-thumbnail","hentry","category-conferencias-y-seminarios"],"acf":[],"_links":{"self":[{"href":"https:\/\/fundacionincipe.com\/index.php\/wp-json\/wp\/v2\/posts\/14045","targetHints":{"allow":["GET"]}}],"collection":[{"href":"https:\/\/fundacionincipe.com\/index.php\/wp-json\/wp\/v2\/posts"}],"about":[{"href":"https:\/\/fundacionincipe.com\/index.php\/wp-json\/wp\/v2\/types\/post"}],"author":[{"embeddable":true,"href":"https:\/\/fundacionincipe.com\/index.php\/wp-json\/wp\/v2\/users\/3"}],"replies":[{"embeddable":true,"href":"https:\/\/fundacionincipe.com\/index.php\/wp-json\/wp\/v2\/comments?post=14045"}],"version-history":[{"count":13,"href":"https:\/\/fundacionincipe.com\/index.php\/wp-json\/wp\/v2\/posts\/14045\/revisions"}],"predecessor-version":[{"id":17550,"href":"https:\/\/fundacionincipe.com\/index.php\/wp-json\/wp\/v2\/posts\/14045\/revisions\/17550"}],"wp:featuredmedia":[{"embeddable":true,"href":"https:\/\/fundacionincipe.com\/index.php\/wp-json\/wp\/v2\/media\/14046"}],"wp:attachment":[{"href":"https:\/\/fundacionincipe.com\/index.php\/wp-json\/wp\/v2\/media?parent=14045"}],"wp:term":[{"taxonomy":"category","embeddable":true,"href":"https:\/\/fundacionincipe.com\/index.php\/wp-json\/wp\/v2\/categories?post=14045"},{"taxonomy":"post_tag","embeddable":true,"href":"https:\/\/fundacionincipe.com\/index.php\/wp-json\/wp\/v2\/tags?post=14045"}],"curies":[{"name":"wp","href":"https:\/\/api.w.org\/{rel}","templated":true}]}}