{"id":14042,"date":"2023-04-27T16:13:35","date_gmt":"2023-04-27T16:13:35","guid":{"rendered":"https:\/\/fundacionincipe.com\/?p=14042"},"modified":"2024-10-14T09:47:46","modified_gmt":"2024-10-14T09:47:46","slug":"la-agenda-compartida-entre-europa-y-america-latina","status":"publish","type":"post","link":"https:\/\/fundacionincipe.com\/index.php\/2023\/04\/27\/la-agenda-compartida-entre-europa-y-america-latina\/","title":{"rendered":"La agenda compartida entre Europa y Am\u00e9rica Latina"},"content":{"rendered":"\n<p><\/p>\n\n\n\n<p>Durante la conferencia, se abord\u00f3 la situaci\u00f3n actual de las relaciones entre la Uni\u00f3n Europea y Am\u00e9rica Latina, destacando la oportunidad propicia que se presentar\u00e1 en el a\u00f1o 2023 para reactivar, fomentar y consolidar dichos v\u00ednculos.&nbsp;<strong>Si hay unas regiones en el mundo que pueden fortalecer sus v\u00ednculos, son Am\u00e9rica Latina y la UE<\/strong>. Seg\u00fan las palabras de Jim\u00e9nez, Am\u00e9rica Latina es un aut\u00e9ntico coloso, dotado de una gran biodiversidad y tiene, adem\u00e1s, una poblaci\u00f3n juvenil mucho m\u00e1s numerosa que la de la UE; caracter\u00edsticas que deber\u00edan resultar sumamente atractivas para la UE.<\/p>\n\n\n\n<p>Am\u00e9rica Latina, indudablemente, afronta todav\u00eda numerosos retos y desaf\u00edos que debe enfrentar: desde las elevadas tasas de inflaci\u00f3n, un problema que aqueja a muchos otros pa\u00edses del mundo, pobreza, desigualdad, una fragmentaci\u00f3n social significativa y un elevado \u00edndice de informalidad laboral. Uno de los aspectos destacados por Trinidad Jim\u00e9nez, es la vulnerabilidad que enfrenta la regi\u00f3n a causa del cambio clim\u00e1tico.<\/p>\n\n\n\n<p>Teniendo en cuenta lo expuesto, cabe preguntarse si es pertinente plantear una cooperaci\u00f3n reforzada en estos momentos, tal como sugiere Trinidad Jim\u00e9nez. Resulta destacable que&nbsp;<strong>Am\u00e9rica Latina est\u00e9 conformada por un total de 33 pa\u00edses, de los cuales 27 han suscrito acuerdos de asociaci\u00f3n comercial o pol\u00edtica con la UE<\/strong>, mientras que M\u00e9xico y Brasil ostentan la categor\u00eda de asociaci\u00f3n estrat\u00e9gica. Adem\u00e1s, tres de estos pa\u00edses son miembros del G20, (Brasil, Argentina y M\u00e9xico) mientras que otros cuatro son miembros de la OCDE, concretamente Costa Rica, Chile, M\u00e9xico y Colombia. Estos datos demuestran la intensa relaci\u00f3n preestablecida que tenemos en la UE con esta regi\u00f3n.<\/p>\n\n\n\n<p>Am\u00e9rica Latina se posiciona como un socio comercial relevante y, a pesar de las inversiones realizadas por China en el continente, la UE contin\u00faa siendo el principal inversor directo en la regi\u00f3n. Si bien es cierto que la UE ha debido enfocar sus esfuerzos en atender cuestiones de urgencia en su vecindario, esto no implica que carezca de un inter\u00e9s genuino en Am\u00e9rica Latina.<\/p>\n\n\n\n<p>El a\u00f1o 2023 se presenta como una oportunidad propicia para reimpulsar la cooperaci\u00f3n birregional, y se evidencian algunos elementos positivos al respecto, como la reciente celebraci\u00f3n de la Cumbre Iberoamericana en la Rep\u00fablica Dominicana en el mes de marzo. Asimismo, es importante mencionar la visita de la Comisaria Vestager a Colombia con la intenci\u00f3n de mejorar la infraestructura digital, y en tercer lugar, la realizaci\u00f3n de la Cumbre de Jefes de Estado de la CELAC y la UE, que constituye un hito significativo, habida cuenta de que no se llevaba a cabo desde el a\u00f1o 2015.<\/p>\n\n\n\n<p>Trinidad Jim\u00e9nez recuerda las palabras de la presidenta de la Comisi\u00f3n Europea,&nbsp;<strong>Ursula von der Leyen, en su discurso sobre el Estado de la UE pronunciado en septiembre de 2022, donde destac\u00f3 la importancia estrat\u00e9gica de Am\u00e9rica Latina para la UE<\/strong>. Asimismo, Jim\u00e9nez enfatiza que resulta natural que, con la Presidencia espa\u00f1ola del Consejo de la UE, se reanude la agenda sobre Am\u00e9rica Latina y hace referencia a los acuerdos comerciales que est\u00e1n en desarrollo entre ambas regiones. Adem\u00e1s, destaca el desaf\u00edo que implica la&nbsp;<strong>puesta en marcha este mismo a\u00f1o del acuerdo entre la UE y el Mercosur&nbsp;<\/strong>(a\u00fan en periodo de negociaci\u00f3n), el cual reviste una gran relevancia para ambas regiones, dado que el Mercosur cuenta con aproximadamente 260 millones de consumidores y constituye la quinta econom\u00eda m\u00e1s importante fuera de la UE. No obstante, se requiere una decidida voluntad pol\u00edtica por ambas partes para consolidar los acuerdos.<\/p>\n\n\n\n<p>Resulta fundamental estimular el inter\u00e9s de los Estados miembros de la UE por Am\u00e9rica Latina. Espa\u00f1a, en particular, ha mantenido un inter\u00e9s constante en la regi\u00f3n y es el principal inversor de la UE en Am\u00e9rica Latina. Si el objetivo es construir un mundo multipolar, es imperativo que la UE considere a Am\u00e9rica Latina un socio con el que fortalecer los lazos de intereses mutuos. Jim\u00e9nez enfatiza que este es el a\u00f1o id\u00f3neo para hacerlo.<\/p>\n\n\n\n<p>En las conclusiones, Jim\u00e9nez destaca la relevancia del tri\u00e1ngulo estrat\u00e9gico UE-LATAM-EE.UU., como un medio para fortalecer los v\u00ednculos y lograr una posici\u00f3n de poder en el mundo. Adem\u00e1s, hace hincapi\u00e9 en la necesidad de mantener un di\u00e1logo pol\u00edtico permanente entre los bloques y de acompa\u00f1ar a Am\u00e9rica Latina en su triple transici\u00f3n: social, econ\u00f3mica y digital-energ\u00e9tica. Asimismo, Jim\u00e9nez considera que no existe una competencia entre las relaciones con \u00c1frica y las relaciones con Am\u00e9rica Latina, y que hay suficiente espacio para mantener relaciones con ambos.<\/p>\n\n\n\n<p>En materia de seguridad jur\u00eddica en Am\u00e9rica Latina, Trinidad Jim\u00e9nez menciona que los cambios en los marcos legales son una constante no solo en los pa\u00edses de la regi\u00f3n, sino en muchos otros pa\u00edses del mundo. Estos cambios, seg\u00fan se\u00f1ala, pueden darse por diversas razones, que van desde la crisis fiscal hasta una pandemia, y no est\u00e1n necesariamente ligados a las ideolog\u00edas pol\u00edticas de los gobiernos.<\/p>\n\n\n\n<p>Danela Bordones<\/p>\n\n\n\n<h6 class=\"wp-block-heading\"><\/h6>\n","protected":false},"excerpt":{"rendered":"<p>En fecha 27 de abril del 2023, INCIPE celebr\u00f3 el evento virtual titulado: La agenda compartida entre Europa y Am\u00e9rica Latina, con la participaci\u00f3n de Trinidad Jim\u00e9nez, ministra de Asuntos Exteriores y Cooperaci\u00f3n (2010-2011), ministra de Sanidad y Pol\u00edtica Social (2009-2010) y, actualmente, directora de Estrategia Global de Asuntos P\u00fablicos de Telef\u00f3nica.<\/p>\n","protected":false},"author":3,"featured_media":14043,"comment_status":"open","ping_status":"closed","sticky":false,"template":"","format":"standard","meta":{"_acf_changed":false,"footnotes":""},"categories":[8],"tags":[],"class_list":["post-14042","post","type-post","status-publish","format-standard","has-post-thumbnail","hentry","category-conferencias-y-seminarios"],"acf":[],"_links":{"self":[{"href":"https:\/\/fundacionincipe.com\/index.php\/wp-json\/wp\/v2\/posts\/14042","targetHints":{"allow":["GET"]}}],"collection":[{"href":"https:\/\/fundacionincipe.com\/index.php\/wp-json\/wp\/v2\/posts"}],"about":[{"href":"https:\/\/fundacionincipe.com\/index.php\/wp-json\/wp\/v2\/types\/post"}],"author":[{"embeddable":true,"href":"https:\/\/fundacionincipe.com\/index.php\/wp-json\/wp\/v2\/users\/3"}],"replies":[{"embeddable":true,"href":"https:\/\/fundacionincipe.com\/index.php\/wp-json\/wp\/v2\/comments?post=14042"}],"version-history":[{"count":8,"href":"https:\/\/fundacionincipe.com\/index.php\/wp-json\/wp\/v2\/posts\/14042\/revisions"}],"predecessor-version":[{"id":17552,"href":"https:\/\/fundacionincipe.com\/index.php\/wp-json\/wp\/v2\/posts\/14042\/revisions\/17552"}],"wp:featuredmedia":[{"embeddable":true,"href":"https:\/\/fundacionincipe.com\/index.php\/wp-json\/wp\/v2\/media\/14043"}],"wp:attachment":[{"href":"https:\/\/fundacionincipe.com\/index.php\/wp-json\/wp\/v2\/media?parent=14042"}],"wp:term":[{"taxonomy":"category","embeddable":true,"href":"https:\/\/fundacionincipe.com\/index.php\/wp-json\/wp\/v2\/categories?post=14042"},{"taxonomy":"post_tag","embeddable":true,"href":"https:\/\/fundacionincipe.com\/index.php\/wp-json\/wp\/v2\/tags?post=14042"}],"curies":[{"name":"wp","href":"https:\/\/api.w.org\/{rel}","templated":true}]}}