{"id":14033,"date":"2023-05-29T15:29:00","date_gmt":"2023-05-29T15:29:00","guid":{"rendered":"https:\/\/fundacionincipe.com\/?p=14033"},"modified":"2024-10-14T09:43:51","modified_gmt":"2024-10-14T09:43:51","slug":"autonomia-estrategica-y-refuerzo-de-la-arquitectura-financiera-de-la-union-europea","status":"publish","type":"post","link":"https:\/\/fundacionincipe.com\/index.php\/2023\/05\/29\/autonomia-estrategica-y-refuerzo-de-la-arquitectura-financiera-de-la-union-europea\/","title":{"rendered":"Autonom\u00eda estrat\u00e9gica y refuerzo de la arquitectura financiera de la Uni\u00f3n Europea"},"content":{"rendered":"\n<p><\/p>\n\n\n\n<p>El Gobernador del Banco de Espa\u00f1a inici\u00f3 su intervenci\u00f3n destacando los efectos de la globalizaci\u00f3n, un tema de gran importancia para las econom\u00edas muy abiertas, como la espa\u00f1ola y, en general, la europea. A partir de 2020 se han producido dos perturbaciones extraordinarias, la pandemia y la invasi\u00f3n de Rusia a Ucrania, generando una enorme incertidumbre.<\/p>\n\n\n\n<p>Si a estos factores se suman las tensiones comerciales entre China y Estados Unidos, surgen nuevos interrogantes sobre el futuro de la globalizaci\u00f3n y la importancia de los factores geopol\u00edticos en la configuraci\u00f3n de las relaciones econ\u00f3micas internacionales. Condicionando no solo la actividad de los gobiernos, sino tambi\u00e9n la de las empresas. Este escenario es particularmente importante para Europa por el grado de apertura comercial y financiera de la UE, mucho mayor que el de otras potencias geopol\u00edticas, sea el caso de EE.UU. y China.&nbsp; Los datos del a\u00f1o 2019 lo evidencian:&nbsp;<strong>la cuota de comercio exterior de la zona euro alcanzo el 54% de nuestro PIB, frente al 31% del a\u00f1o 1999<\/strong>.<\/p>\n\n\n\n<p>Si bien todos coincidimos en que este incremento de la apertura de la econom\u00eda europea ha supuesto una ventaja, tambi\u00e9n se ha convertido en un aspecto de vulnerabilidad en el actual entorno geopol\u00edtico global, tal como se describ\u00eda al inicio.<\/p>\n\n\n\n<p>Hern\u00e1ndez de Cos plantea la siguiente pregunta: \u00ab\u00bfCu\u00e1les son las vulnerabilidades que se observan como consecuencia de ese alto grado de integraci\u00f3n?\u00bb. Se\u00f1ala que existen al menos cuatro aspectos de vulnerabilidad importantes al analizar los datos de la Uni\u00f3n. La primera es la dependencia de las importaciones industriales chinas. Adem\u00e1s, se\u00f1ala que la UE tambi\u00e9n depende de terceros pa\u00edses para la producci\u00f3n de semiconductores. Las empresas europeas que participan en la fabricaci\u00f3n de estos productos se concentran casi exclusivamente en la fase inicial de la cadena de producci\u00f3n, suministrando equipos y materiales de alta pureza. Sin embargo, estas empresas representan una proporci\u00f3n insignificante en otras fases cr\u00edticas de la cadena de producci\u00f3n y tambi\u00e9n presentan una alta dependencia de proveedores externos. Casi el 80% de los proveedores de las empresas europeas de semiconductores se encuentran fuera de la UE.<\/p>\n\n\n\n<p><strong>Hern\u00e1ndez de Cos a\u00f1ade que una transici\u00f3n hacia una econom\u00eda m\u00e1s verde podr\u00eda reducir de manera significativa estas dependencias externas<\/strong>. Se estima que el cumplimiento de los objetivos establecidos en esta \u00e1rea podr\u00eda reducir las dependencias del 60% actual hasta un 10% para el a\u00f1o 2050. Sin embargo, esta transici\u00f3n necesita de materias primas cr\u00edticas, como tierras raras, cobalto y paladio.<\/p>\n\n\n\n<p>Otros aspectos que destaca el Gobernador son la concentraci\u00f3n de las exportaciones y las inversiones extranjeras directas, dado que los principales socios de inversi\u00f3n de la Uni\u00f3n Europea son otras econom\u00edas avanzadas.<\/p>\n\n\n\n<p>En la sesi\u00f3n de preguntas y respuestas, el Gobernador del Banco de Espa\u00f1a responde ampliamente las cuestiones planteadas por los oyentes, abordando diversos temas sobre la pol\u00edtica monetaria, la inflaci\u00f3n y la deflaci\u00f3n del pa\u00eds, y asimismo, anticip\u00f3 que el PIB espa\u00f1ol retornar\u00e1 a los niveles previos a la pandemia en el segundo trimestre de 2023.<\/p>\n\n\n\n<p>Danela Bordones<\/p>\n","protected":false},"excerpt":{"rendered":"<p>En fecha 29 de mayo de 2023, INCIPE celebr\u00f3 el evento virtual titulado Autonom\u00eda estrat\u00e9gica y refuerzo de la arquitectura financiera de la Uni\u00f3n Europea. Cont\u00f3 con la participaci\u00f3n de Pablo Hern\u00e1ndez de Cos, Gobernador del Banco de Espa\u00f1a y tambi\u00e9n presidente de la Junta de Gobierno del CEMLA. <\/p>\n","protected":false},"author":3,"featured_media":14037,"comment_status":"closed","ping_status":"closed","sticky":false,"template":"","format":"standard","meta":{"_acf_changed":false,"footnotes":""},"categories":[8],"tags":[],"class_list":["post-14033","post","type-post","status-publish","format-standard","has-post-thumbnail","hentry","category-conferencias-y-seminarios"],"acf":[],"_links":{"self":[{"href":"https:\/\/fundacionincipe.com\/index.php\/wp-json\/wp\/v2\/posts\/14033","targetHints":{"allow":["GET"]}}],"collection":[{"href":"https:\/\/fundacionincipe.com\/index.php\/wp-json\/wp\/v2\/posts"}],"about":[{"href":"https:\/\/fundacionincipe.com\/index.php\/wp-json\/wp\/v2\/types\/post"}],"author":[{"embeddable":true,"href":"https:\/\/fundacionincipe.com\/index.php\/wp-json\/wp\/v2\/users\/3"}],"replies":[{"embeddable":true,"href":"https:\/\/fundacionincipe.com\/index.php\/wp-json\/wp\/v2\/comments?post=14033"}],"version-history":[{"count":11,"href":"https:\/\/fundacionincipe.com\/index.php\/wp-json\/wp\/v2\/posts\/14033\/revisions"}],"predecessor-version":[{"id":17548,"href":"https:\/\/fundacionincipe.com\/index.php\/wp-json\/wp\/v2\/posts\/14033\/revisions\/17548"}],"wp:featuredmedia":[{"embeddable":true,"href":"https:\/\/fundacionincipe.com\/index.php\/wp-json\/wp\/v2\/media\/14037"}],"wp:attachment":[{"href":"https:\/\/fundacionincipe.com\/index.php\/wp-json\/wp\/v2\/media?parent=14033"}],"wp:term":[{"taxonomy":"category","embeddable":true,"href":"https:\/\/fundacionincipe.com\/index.php\/wp-json\/wp\/v2\/categories?post=14033"},{"taxonomy":"post_tag","embeddable":true,"href":"https:\/\/fundacionincipe.com\/index.php\/wp-json\/wp\/v2\/tags?post=14033"}],"curies":[{"name":"wp","href":"https:\/\/api.w.org\/{rel}","templated":true}]}}