{"id":13842,"date":"2023-04-13T11:25:00","date_gmt":"2023-04-13T11:25:00","guid":{"rendered":"https:\/\/fundacionincipe.com\/?p=13842"},"modified":"2024-10-14T09:50:02","modified_gmt":"2024-10-14T09:50:02","slug":"la-union-europea-en-la-campana-electoral-espanola","status":"publish","type":"post","link":"https:\/\/fundacionincipe.com\/index.php\/2023\/04\/13\/la-union-europea-en-la-campana-electoral-espanola\/","title":{"rendered":"La Uni\u00f3n Europea en la campa\u00f1a electoral espa\u00f1ola"},"content":{"rendered":"\n<p><\/p>\n\n\n\n<p>Susana del Rio inici\u00f3 su participaci\u00f3n se\u00f1alando que todos los partidos pol\u00edticos espa\u00f1oles deber\u00edan tener como faro a la Uni\u00f3n Europea; siendo esta la gu\u00eda de hacia d\u00f3nde hay que ir, que camino seguir y cu\u00e1les son las tendencias que se deben mantener.<\/p>\n\n\n\n<p>A finales de mayo de este a\u00f1o se celebrar\u00e1n en Espa\u00f1a elecciones municipales y en 12 comunidades. Seguidamente, a finales de 2023, los espa\u00f1oles volver\u00e1n a acudir a las urnas con motivos de las elecciones generales. A pesar de la cantidad de citas electorales que habr\u00e1 en el pa\u00eds los pr\u00f3ximos meses, Susana del R\u00edo se\u00f1ala que estas no deben eclipsar o minimizar las elecciones al Parlamento Europeo, por el contrario, siendo el Parlamento Europeo nuestro parlamento supranacional, m\u00e1ximo exponente de la democracia representativa.<\/p>\n\n\n\n<p>Asimismo, durante el segundo semestre de 2023 Espa\u00f1a ostentar\u00e1 la Presidencia rotativa del Consejo de la Uni\u00f3n Europea. Dicha Presidencia supone una importante oportunidad y responsabilidad, que debe trasladarse a las campa\u00f1as electorales, pero no desde un punto de vista partidista. La agenda de la Presidencia espa\u00f1ola es trasversal y culminar\u00e1 las negociaciones de algunas de las grandes l\u00edneas de trabajo de la UE:&nbsp;transici\u00f3n ecol\u00f3gica, transformaci\u00f3n digital y agenda social.<\/p>\n\n\n\n<p>A lo largo de los \u00faltimos a\u00f1os, la Presidencia de la UE ha desempe\u00f1ado un&nbsp;<strong>papel coordinador<\/strong>&nbsp;muy valioso en la gesti\u00f3n de crisis. El Brexit, la COVID-19 y la actual guerra de Ucrania han significado una catarsis tanto para las instituciones de la UE como para el conjunto de los ciudadanos europeos; todos hemos tenido que replantearnos lo que somos para seguir avanzando. La campa\u00f1a de vacunaci\u00f3n coordinada a nivel europeo ha sido un \u00e9xito importante, pero del mismo modo ha dejado claro la necesidad de una estrat\u00e9gica europea farmac\u00e9utica.<\/p>\n\n\n\n<p>Por otro lado, la guerra de Ucrania ha puesto sobre la mesa algunas asignaturas pendientes de la UE y las implicaciones del conflicto para la pol\u00edtica europea de seguridad y defensa. En este sentido, hemos pasado de la&nbsp;<em>Br\u00fajula Estrat\u00e9gica Europea<\/em>&nbsp;a la<em>&nbsp;Autonom\u00eda Estrat\u00e9gica Europea,&nbsp;<\/em>que incluye en s\u00ed misma muchos m\u00e1s aspectos que los propios de seguridad y defensa com\u00fan europea; ampli\u00e1ndose a temas de naturaleza tecnol\u00f3gica y econ\u00f3mica.<\/p>\n\n\n\n<p>Durante el debate que acompa\u00f1\u00f3 a la intervenci\u00f3n de Susana del R\u00edo se plantearon algunas cuestiones como: las sanciones de la UE a Rusia y sus consecuencias para la econom\u00eda comunitaria y la transici\u00f3n energ\u00e9tica; los fondos de recuperaci\u00f3n europeos\u00a0<em>Next Generetions EU; y el Pacto Verde Europeo,\u00a0<\/em>cuyo objetivo es que Europa sea en el 2050 sea el primer continente clim\u00e1ticamente neutro.<\/p>\n\n\n\n<p>Danela Bordones<\/p>\n\n\n\n<h6 class=\"wp-block-heading\" style=\"font-style:normal;font-weight:400\"><\/h6>\n","protected":false},"excerpt":{"rendered":"<p>Susana del Rio inici\u00f3 su participaci\u00f3n se\u00f1alando que todos los partidos pol\u00edticos espa\u00f1oles deber\u00edan tener como faro a la Uni\u00f3n Europea; siendo esta la gu\u00eda de hacia d\u00f3nde hay que [&hellip;]<\/p>\n","protected":false},"author":3,"featured_media":13840,"comment_status":"open","ping_status":"closed","sticky":false,"template":"","format":"standard","meta":{"_acf_changed":false,"footnotes":""},"categories":[8],"tags":[],"class_list":["post-13842","post","type-post","status-publish","format-standard","has-post-thumbnail","hentry","category-conferencias-y-seminarios"],"acf":[],"_links":{"self":[{"href":"https:\/\/fundacionincipe.com\/index.php\/wp-json\/wp\/v2\/posts\/13842","targetHints":{"allow":["GET"]}}],"collection":[{"href":"https:\/\/fundacionincipe.com\/index.php\/wp-json\/wp\/v2\/posts"}],"about":[{"href":"https:\/\/fundacionincipe.com\/index.php\/wp-json\/wp\/v2\/types\/post"}],"author":[{"embeddable":true,"href":"https:\/\/fundacionincipe.com\/index.php\/wp-json\/wp\/v2\/users\/3"}],"replies":[{"embeddable":true,"href":"https:\/\/fundacionincipe.com\/index.php\/wp-json\/wp\/v2\/comments?post=13842"}],"version-history":[{"count":7,"href":"https:\/\/fundacionincipe.com\/index.php\/wp-json\/wp\/v2\/posts\/13842\/revisions"}],"predecessor-version":[{"id":17555,"href":"https:\/\/fundacionincipe.com\/index.php\/wp-json\/wp\/v2\/posts\/13842\/revisions\/17555"}],"wp:featuredmedia":[{"embeddable":true,"href":"https:\/\/fundacionincipe.com\/index.php\/wp-json\/wp\/v2\/media\/13840"}],"wp:attachment":[{"href":"https:\/\/fundacionincipe.com\/index.php\/wp-json\/wp\/v2\/media?parent=13842"}],"wp:term":[{"taxonomy":"category","embeddable":true,"href":"https:\/\/fundacionincipe.com\/index.php\/wp-json\/wp\/v2\/categories?post=13842"},{"taxonomy":"post_tag","embeddable":true,"href":"https:\/\/fundacionincipe.com\/index.php\/wp-json\/wp\/v2\/tags?post=13842"}],"curies":[{"name":"wp","href":"https:\/\/api.w.org\/{rel}","templated":true}]}}