{"id":13506,"date":"2023-03-10T08:09:00","date_gmt":"2023-03-10T08:09:00","guid":{"rendered":"https:\/\/fundacionincipe.com\/?p=13506"},"modified":"2024-10-14T10:14:43","modified_gmt":"2024-10-14T10:14:43","slug":"foro-de-cultura-de-seguridad-nacional","status":"publish","type":"post","link":"https:\/\/fundacionincipe.com\/index.php\/2023\/03\/10\/foro-de-cultura-de-seguridad-nacional\/","title":{"rendered":"Foro de cultura de seguridad nacional"},"content":{"rendered":"\n<p>El\u00a025\u00a0de\u00a0noviembre\u00a0se\u00a0constituy\u00f3\u00a0oficialmente\u00a0el\u00a0<strong>Foro\u00a0de\u00a0Cultura\u00a0de Seguridad\u00a0Nacional<\/strong>, cuya creaci\u00f3n fue aprobada por el Consejo de ministros, y publicado en el BOE como Orden PCM\/1051\/2022. Este Foro se crea como \u00f3rgano de colaboraci\u00f3n p\u00fablico-privada, con el objetivo principal de de proponer iniciativas para incrementar la concienciaci\u00f3n social sobre la transcendencia de la Seguridad Social en nuestra vida cotidiana, as\u00ed como para promover la celebraci\u00f3n de actividades conjuntas y participativas en el marco del\u00a0<a href=\"https:\/\/www.dsn.gob.es\/es\/documento\/plan-integral-cultura-seguridad-nacional\" target=\"_blank\" rel=\"noreferrer noopener\">Plan de Cultura de Seguridad Nacional<\/a>.<\/p>\n\n\n\n<p>En la citada reuni\u00f3n, Miguel \u00c1ngel Ballesteros remarc\u00f3 que\u00a0<strong>\u00abno se puede construir un Plan de Seguridad Nacional sin contar con la sociedad civil, la cual debe manifestar sus problemas\u00bb<\/strong>. Tambi\u00e9n se pusieron de manifiesto cuestiones como la importancia de adaptar adecuadamente un tema tan relevante como la Seguridad Nacional, la necesidad de que la permeabilidad de las Administraciones con los centros estrat\u00e9gicos contin\u00fae creciendo o la cada vez mayor importancia de los nuevos medios como canal de divulgaci\u00f3n.<\/p>\n\n\n\n<p>Aranzazu \u00c1lvarez<\/p>\n\n\n\n<h6 class=\"wp-block-heading\"><\/h6>\n","protected":false},"excerpt":{"rendered":"<p>El\u00a025\u00a0de\u00a0noviembre\u00a0se\u00a0constituy\u00f3\u00a0oficialmente\u00a0el\u00a0Foro\u00a0de\u00a0Cultura\u00a0de Seguridad\u00a0Nacional, cuya creaci\u00f3n fue aprobada por el Consejo de ministros, y publicado en el BOE como Orden PCM\/1051\/2022. Este Foro se crea como \u00f3rgano de colaboraci\u00f3n p\u00fablico-privada, con el [&hellip;]<\/p>\n","protected":false},"author":3,"featured_media":13504,"comment_status":"closed","ping_status":"closed","sticky":false,"template":"","format":"standard","meta":{"_acf_changed":false,"footnotes":""},"categories":[8],"tags":[],"class_list":["post-13506","post","type-post","status-publish","format-standard","has-post-thumbnail","hentry","category-conferencias-y-seminarios"],"acf":[],"_links":{"self":[{"href":"https:\/\/fundacionincipe.com\/index.php\/wp-json\/wp\/v2\/posts\/13506","targetHints":{"allow":["GET"]}}],"collection":[{"href":"https:\/\/fundacionincipe.com\/index.php\/wp-json\/wp\/v2\/posts"}],"about":[{"href":"https:\/\/fundacionincipe.com\/index.php\/wp-json\/wp\/v2\/types\/post"}],"author":[{"embeddable":true,"href":"https:\/\/fundacionincipe.com\/index.php\/wp-json\/wp\/v2\/users\/3"}],"replies":[{"embeddable":true,"href":"https:\/\/fundacionincipe.com\/index.php\/wp-json\/wp\/v2\/comments?post=13506"}],"version-history":[{"count":39,"href":"https:\/\/fundacionincipe.com\/index.php\/wp-json\/wp\/v2\/posts\/13506\/revisions"}],"predecessor-version":[{"id":17562,"href":"https:\/\/fundacionincipe.com\/index.php\/wp-json\/wp\/v2\/posts\/13506\/revisions\/17562"}],"wp:featuredmedia":[{"embeddable":true,"href":"https:\/\/fundacionincipe.com\/index.php\/wp-json\/wp\/v2\/media\/13504"}],"wp:attachment":[{"href":"https:\/\/fundacionincipe.com\/index.php\/wp-json\/wp\/v2\/media?parent=13506"}],"wp:term":[{"taxonomy":"category","embeddable":true,"href":"https:\/\/fundacionincipe.com\/index.php\/wp-json\/wp\/v2\/categories?post=13506"},{"taxonomy":"post_tag","embeddable":true,"href":"https:\/\/fundacionincipe.com\/index.php\/wp-json\/wp\/v2\/tags?post=13506"}],"curies":[{"name":"wp","href":"https:\/\/api.w.org\/{rel}","templated":true}]}}