{"id":10868,"date":"2023-01-18T15:15:48","date_gmt":"2023-01-18T15:15:48","guid":{"rendered":"https:\/\/fundacionincipe.com\/?p=10868"},"modified":"2024-02-12T13:17:20","modified_gmt":"2024-02-12T13:17:20","slug":"agenda-internacional-2","status":"publish","type":"post","link":"https:\/\/fundacionincipe.com\/index.php\/2023\/01\/18\/agenda-internacional-2\/","title":{"rendered":"Agenda Internacional"},"content":{"rendered":"","protected":false},"excerpt":{"rendered":"<p>Descubre los eventos m\u00e1s relevantes del \u00e1mbito internacional en nuestra secci\u00f3n de Agenda Internacional. Mantente al tanto de los acontecimientos programados por destacadas organizaciones e instituciones internacionales, as\u00ed como las elecciones clave en todo el mundo. Explora una agenda cuidadosamente seleccionada que destaca eventos de importancia para el mundo de las relaciones internacionales y la pol\u00edtica exterior.<\/p>\n","protected":false},"author":1,"featured_media":10445,"comment_status":"open","ping_status":"closed","sticky":false,"template":"","format":"standard","meta":{"_acf_changed":false,"footnotes":""},"categories":[50],"tags":[],"class_list":["post-10868","post","type-post","status-publish","format-standard","has-post-thumbnail","hentry","category-agenda-internacional-portada"],"acf":[],"_links":{"self":[{"href":"https:\/\/fundacionincipe.com\/index.php\/wp-json\/wp\/v2\/posts\/10868","targetHints":{"allow":["GET"]}}],"collection":[{"href":"https:\/\/fundacionincipe.com\/index.php\/wp-json\/wp\/v2\/posts"}],"about":[{"href":"https:\/\/fundacionincipe.com\/index.php\/wp-json\/wp\/v2\/types\/post"}],"author":[{"embeddable":true,"href":"https:\/\/fundacionincipe.com\/index.php\/wp-json\/wp\/v2\/users\/1"}],"replies":[{"embeddable":true,"href":"https:\/\/fundacionincipe.com\/index.php\/wp-json\/wp\/v2\/comments?post=10868"}],"version-history":[{"count":2,"href":"https:\/\/fundacionincipe.com\/index.php\/wp-json\/wp\/v2\/posts\/10868\/revisions"}],"predecessor-version":[{"id":15678,"href":"https:\/\/fundacionincipe.com\/index.php\/wp-json\/wp\/v2\/posts\/10868\/revisions\/15678"}],"wp:featuredmedia":[{"embeddable":true,"href":"https:\/\/fundacionincipe.com\/index.php\/wp-json\/wp\/v2\/media\/10445"}],"wp:attachment":[{"href":"https:\/\/fundacionincipe.com\/index.php\/wp-json\/wp\/v2\/media?parent=10868"}],"wp:term":[{"taxonomy":"category","embeddable":true,"href":"https:\/\/fundacionincipe.com\/index.php\/wp-json\/wp\/v2\/categories?post=10868"},{"taxonomy":"post_tag","embeddable":true,"href":"https:\/\/fundacionincipe.com\/index.php\/wp-json\/wp\/v2\/tags?post=10868"}],"curies":[{"name":"wp","href":"https:\/\/api.w.org\/{rel}","templated":true}]}}