{"id":22697,"global_id":"fundacionincipe.com?id=22697","global_id_lineage":["fundacionincipe.com?id=22697"],"author":"3","status":"publish","date":"2025-05-07 10:18:24","date_utc":"2025-05-07 10:18:24","modified":"2025-05-07 10:18:24","modified_utc":"2025-05-07 10:18:24","url":"https:\/\/fundacionincipe.com\/index.php\/event\/dia-de-europa-2\/","rest_url":"https:\/\/fundacionincipe.com\/index.php\/wp-json\/tribe\/events\/v1\/events\/22697","title":"D\u00eda de Europa","description":"","excerpt":"<p>Con motivo del D\u00eda de Europa, recordamos la Declaraci\u00f3n Schuman, propuesta hist\u00f3rica que marc\u00f3 el inicio del proceso de integraci\u00f3n europea y dio origen a la Comunidad Europea del Carb\u00f3n y del Acero (CECA), precursora de la actual Uni\u00f3n Europea.<\/p>","slug":"dia-de-europa-2","image":false,"all_day":true,"start_date":"2025-05-09 00:00:00","start_date_details":{"year":"2025","month":"05","day":"09","hour":"00","minutes":"00","seconds":"00"},"end_date":"2025-05-09 23:59:59","end_date_details":{"year":"2025","month":"05","day":"09","hour":"23","minutes":"59","seconds":"59"},"utc_start_date":"2025-05-09 00:00:00","utc_start_date_details":{"year":"2025","month":"05","day":"09","hour":"00","minutes":"00","seconds":"00"},"utc_end_date":"2025-05-09 23:59:59","utc_end_date_details":{"year":"2025","month":"05","day":"09","hour":"23","minutes":"59","seconds":"59"},"timezone":"UTC+0","timezone_abbr":"UTC+0","cost":"","cost_details":{"currency_symbol":"$","currency_code":"USD","currency_position":"prefix","values":[]},"website":"","show_map":true,"show_map_link":true,"hide_from_listings":false,"sticky":false,"featured":false,"categories":[{"name":"espa\u00f1ol","slug":"espanol","term_group":0,"term_taxonomy_id":105,"taxonomy":"tribe_events_cat","description":"","parent":0,"count":89,"filter":"raw","term_order":"0","id":105,"urls":{"self":"https:\/\/fundacionincipe.com\/index.php\/wp-json\/tribe\/events\/v1\/categories\/105","collection":"https:\/\/fundacionincipe.com\/index.php\/wp-json\/tribe\/events\/v1\/categories"}}],"tags":[],"venue":[],"organizer":[],"custom_fields":[],"json_ld":{"@context":"http:\/\/schema.org","@type":"Event","name":"D\u00eda de Europa","description":"&lt;p&gt;Con motivo del D\u00eda de Europa, recordamos la Declaraci\u00f3n Schuman, propuesta hist\u00f3rica que marc\u00f3 el inicio del proceso de integraci\u00f3n europea y dio origen a la Comunidad Europea del Carb\u00f3n y del Acero (CECA), precursora de la actual Uni\u00f3n Europea.&lt;\/p&gt;\\n","url":"https:\/\/fundacionincipe.com\/index.php\/event\/dia-de-europa-2\/","eventAttendanceMode":"https:\/\/schema.org\/OfflineEventAttendanceMode","eventStatus":"https:\/\/schema.org\/EventScheduled","startDate":"2025-05-09T00:00:00+00:00","endDate":"2025-05-09T23:59:59+00:00","performer":"Organization"}}